{"id":31070,"date":"2026-05-01T22:44:04","date_gmt":"2026-05-01T21:44:04","guid":{"rendered":"https:\/\/brigatafolgore.net\/?p=31070"},"modified":"2026-05-01T22:46:06","modified_gmt":"2026-05-01T21:46:06","slug":"difesa-e-sicurezza-le-fondamenta-invisibili-della-nostra-italia","status":"publish","type":"post","link":"https:\/\/brigatafolgore.net\/en\/difesa-e-sicurezza-le-fondamenta-invisibili-della-nostra-italia\/","title":{"rendered":"Difesa e Sicurezza: Le Fondamenta Invisibili della nostra Italia"},"content":{"rendered":"<p>Nel suo ultimo editoriale sul <strong><em>Corriere della Sera<\/em><\/strong>, il professor <strong>Angelo Panebianco<\/strong> scatta una fotografia impietosa, ma necessaria, di un\u2019Italia che sembra aver smarrito il senso della realt\u00e0. Il paradosso \u00e8 evidente: <strong>viviamo in un\u2019epoca di tempeste globali<\/strong>, eppure una parte consistente del Paese preferisce rifugiarsi in quello che Panebianco definisce \u00abonuismo\u00bb \u2014 un uso strumentale e ideologico delle organizzazioni internazionali per giustificare l&#8217;inazione e il disinteresse verso la nostra sicurezza nazionale.<\/p>\n\n\n\n<h2 class=\"wp-block-heading\" id=\"h-la-sicurezza-non-e-un-costo-e-il-fondamento-di-tutte-le-societa\">La sicurezza non \u00e8 un &#8220;costo&#8221;, \u00e8 il fondamento di tutte le societ\u00e0<\/h2>\n\n\n\n<p>\u00c8 necessario dirlo con chiarezza: <strong>senza sicurezza nessun popolo pu\u00f2 sopravvivere<\/strong> <strong>ed evolvere<\/strong>. La difesa non \u00e8 un capitolo di spesa da tagliare con leggerezza, n\u00e9 un tema &#8220;da operetta&#8221; buono solo per influenzare il pubblico. <strong>\u00c8 il valore alla base di ogni societ\u00e0 libera.<\/strong><\/p>\n\n\n\n<p>Tutti i Paesi che hanno compreso le dure lezioni della storia sanno che solo attraverso lo sviluppo di un apparato difensivo credibile si pu\u00f2 sopravvivere ai mutamenti geopolitici. Chi pensa il contrario, chi crede che <strong>la democrazia<\/strong> sia un regalo eterno e gratuito, dimentica che essa <strong>\u00e8 stata pagata con il sangue versato tra le arse rocce del Carso e le cime ghiacciate delle Alpi dai nostri nonni.<\/strong><\/p>\n\n\n\n<h2 class=\"wp-block-heading\" id=\"h-gli-alibi-di-facciata\">Gli alibi di facciata<\/h2>\n\n\n\n<p>Partendo dall&#8217;analisi di Panebianco si possono smascherare i tanti \u00abismi\u00bb utilizzati da coloro che <a href=\"https:\/\/brigatafolgore.net\/en\/la-minaccia-n-1-linfluenza-sulle-opinioni-pubbliche-occidentali\/\">influenzano l&#8217;opinione pubblica<\/a>:<\/p>\n\n\n\n<ul class=\"wp-block-list\">\n<li><strong>L\u2019antagonismo intellettuale:<\/strong> Quel vezzo, molto diffuso in certi ambienti sociali, di osteggiare i militari per apparire &#8220;illuminati&#8221; o populisti, delegando cinicamente ad altri il compito di difenderci in caso di aggressione.<\/li>\n\n\n\n<li><strong>L&#8217;uso strumentale delle Forze Armate:<\/strong> concependo i nostri uomini e donne in divisa come &#8220;soldatini&#8221; da utilizzare per fini diversi dalla primaria Difesa della Nazione, senza avere idea della <a href=\"https:\/\/brigatafolgore.net\/en\/strategia-di-sicurezza-nazionale-un-passaggio-cruciale-per-il-futuro-dellitalia\/\">strategia di sicurezza nazionale<\/a> (documento redatto per la 1^ volta nella storia della Repubblica nel 2025).<\/li>\n\n\n\n<li><strong>Il paravento dell&#8217;ONU:<\/strong> Come scrive il professore sul <em>Corriere<\/em>, invocare l&#8217;ONU apparentemente non consapevole dei suoi limiti strutturali.<\/li>\n<\/ul>\n\n\n\n<figure class=\"wp-block-image size-large\"><img decoding=\"async\" src=\"https:\/\/brigatafolgore.b-cdn.net\/wp-content\/uploads\/2026\/05\/giornata-caduti.jpg\" alt=\"Il Capo di Stato Maggiore dell\u2019Esercito rende omaggio ai Caduti nelle missioni internazionali\" class=\"wp-image-11303\" title=\"Difesa e Sicurezza: Le Fondamenta Invisibili della Libert\u00e0\" \/><figcaption class=\"wp-element-caption\">Difesa e Sicurezza: Le Fondamenta Invisibili della Libert\u00e0<\/figcaption><\/figure>\n\n\n\n<h2 class=\"wp-block-heading\" id=\"h-la-lezione-che-viene-dal-nord\">La lezione che viene dal Nord<\/h2>\n\n\n\n<p>Mentre noi ci attardiamo in discussioni ideologiche, i \u00abcivilissimi paesi del Nord Europa\u00bb, come sottolineato nel dibattito attuale, ci insegnano cosa significhi avere <strong>coscienza civile<\/strong>. Sentendo la minaccia russa ai propri confini, questi <strong>popoli hanno riscoperto lo spirito di servizio e la necessit\u00e0 di una difesa nazionale<\/strong>. Non lo fanno per spirito bellicoso, ma per pragmatismo: sanno che <strong>un popolo senza spirito di servizio verso la propria gente \u00e8 destinato a soccombere<\/strong>.<\/p>\n\n\n\n<h2 class=\"wp-block-heading\" id=\"h-verso-una-nuova-maturita-civile\">Verso una nuova maturit\u00e0 civile<\/h2>\n\n\n\n<p>Panebianco rivolge un appello affinch\u00e9 gli italiani vengano aiutati a comprendere che <strong>non c&#8217;\u00e8 contraddizione tra il volere la pace e il dovere di difendersi<\/strong>. La pace non \u00e8 l&#8217;assenza di conflitto ottenuta attraverso la resa o l&#8217;indifferenza, ma un bene che va protetto attivamente.<\/p>\n\n\n\n<blockquote class=\"wp-block-quote is-layout-flow wp-block-quote-is-layout-flow\">\n<p>&#8220;\u00c8 essenziale che si aiuti gli italiani a comprendere che non c\u2019\u00e8 contraddizione fra mantenere una attitudine pacifica e, contemporaneamente, riconoscere il dovere dei governi di fare tutto ci\u00f2 che \u00e8 in loro potere per difendere i loro Paesi.&#8221;<\/p>\n<\/blockquote>\n\n\n\n<p><strong>\u00c8 tempo di diventare grandi.<\/strong> \u00c8 tempo di smettere di cavalcare onde antagoniste e capire che la difesa della patria \u00e8 un dovere civico che non ha colore politico. Se non saremo in grado di sviluppare questa consapevolezza, <strong>la storia, con la sua consueta brutalit\u00e0, finir\u00e0 per spazzare via tutto<\/strong> ci\u00f2 che non abbiamo avuto il coraggio di proteggere.<\/p>\n\n<div style=\"    margin-top: 24px;    padding: 12px 16px;    border-left: 3px solid #6B1D3A;    background-color: #f9f5f6;    border-radius: 0 6px 6px 0;\">\n    <p style=\"        margin: 0;        font-size: 13px;        color: #6b6b6b;        line-height: 1.5;    \">\n        <strong style=\"color: #4A1228;\">Source:<\/strong>\n        <a href=\"https:\/\/www.corriere.it\/opinioni\/26_aprile_27\/la-pace-va-difesa-senza-crearsi-alibi-ce71d3db-35f1-4f3c-bf4a-0128ddf9cxlk.shtml\"\n           style=\"color: #6B1D3A; text-decoration: underline;\"\n           target=\"_blank\"\n           rel=\"noopener noreferrer\">www.corriere.it\/opinioni\/26_aprile_27\/la-pace-va-difesa-senza-crearsi-alibi-ce71d3db-35f1-4f3c-bf4a-0128ddf9cxlk.shtml<\/a>\n    <\/p>\n<\/div>","protected":false},"excerpt":{"rendered":"<p>Nel suo ultimo editoriale sul Corriere della Sera, il professor Angelo Panebianco scatta una fotografia impietosa, ma necessaria, di un\u2019Italia che sembra aver smarrito il senso della realt\u00e0. Il paradosso \u00e8 evidente: viviamo in un\u2019epoca di tempeste globali, eppure una parte consistente del Paese preferisce rifugiarsi in quello che Panebianco definisce \u00abonuismo\u00bb \u2014 un uso [&hellip;]<\/p>","protected":false},"author":2,"featured_media":31072,"comment_status":"open","ping_status":"open","sticky":false,"template":"","format":"standard","meta":{"_acf_changed":false,"_sitemap_exclude":false,"_sitemap_priority":"","_sitemap_frequency":"","footnotes":""},"categories":[54],"tags":[3954,665,209,1027,2267,3955,58],"sgg_keywords":[],"class_list":["post-31070","post","type-post","status-publish","format-standard","has-post-thumbnail","hentry","category-nazionali","tag-coscienzacivile","tag-geopolitica","tag-italia","tag-pace","tag-panebianco","tag-separati-da-virgola-senza-spazi-difesa","tag-sicurezza"],"acf":[],"_links":{"self":[{"href":"https:\/\/brigatafolgore.net\/en\/wp-json\/wp\/v2\/posts\/31070","targetHints":{"allow":["GET"]}}],"collection":[{"href":"https:\/\/brigatafolgore.net\/en\/wp-json\/wp\/v2\/posts"}],"about":[{"href":"https:\/\/brigatafolgore.net\/en\/wp-json\/wp\/v2\/types\/post"}],"author":[{"embeddable":true,"href":"https:\/\/brigatafolgore.net\/en\/wp-json\/wp\/v2\/users\/2"}],"replies":[{"embeddable":true,"href":"https:\/\/brigatafolgore.net\/en\/wp-json\/wp\/v2\/comments?post=31070"}],"version-history":[{"count":1,"href":"https:\/\/brigatafolgore.net\/en\/wp-json\/wp\/v2\/posts\/31070\/revisions"}],"predecessor-version":[{"id":31073,"href":"https:\/\/brigatafolgore.net\/en\/wp-json\/wp\/v2\/posts\/31070\/revisions\/31073"}],"wp:featuredmedia":[{"embeddable":true,"href":"https:\/\/brigatafolgore.net\/en\/wp-json\/wp\/v2\/media\/31072"}],"wp:attachment":[{"href":"https:\/\/brigatafolgore.net\/en\/wp-json\/wp\/v2\/media?parent=31070"}],"wp:term":[{"taxonomy":"category","embeddable":true,"href":"https:\/\/brigatafolgore.net\/en\/wp-json\/wp\/v2\/categories?post=31070"},{"taxonomy":"post_tag","embeddable":true,"href":"https:\/\/brigatafolgore.net\/en\/wp-json\/wp\/v2\/tags?post=31070"},{"taxonomy":"sgg_keywords","embeddable":true,"href":"https:\/\/brigatafolgore.net\/en\/wp-json\/wp\/v2\/sgg_keywords?post=31070"}],"curies":[{"name":"wp","href":"https:\/\/api.w.org\/{rel}","templated":true}]}}