{"id":30997,"date":"2026-04-27T06:54:04","date_gmt":"2026-04-27T05:54:04","guid":{"rendered":"https:\/\/brigatafolgore.net\/?p=30997"},"modified":"2026-04-27T06:56:06","modified_gmt":"2026-04-27T05:56:06","slug":"il-concetto-difensivo-di-berlino-responsabilita-per-la-difesa-europea","status":"publish","type":"post","link":"https:\/\/brigatafolgore.net\/en\/il-concetto-difensivo-di-berlino-responsabilita-per-la-difesa-europea\/","title":{"rendered":"Il Concetto Difensivo di Berlino &#8211; Responsabilit\u00e0 per la Difesa Europea"},"content":{"rendered":"<p>Non \u00e8 pi\u00f9 solo una questione di economia: la Germania ha deciso di diventare il baricentro militare del Vecchio Continente. Con il piano strategico <strong>&#8220;Responsabilit\u00e0 per l\u2019Europa&#8221;<\/strong>, presentato il 22 aprile 2026, il governo tedesco ha rotto gli indugi, tracciando la rotta per trasformare la Bundeswehr nella forza convenzionale pi\u00f9 potente d&#8217;Europa entro il 2039.<\/p>\n\n\n\n<h2 class=\"wp-block-heading\" id=\"h-dalla-coda-alla-testa-il-cambio-di-paradigma\">Dalla &#8220;Coda&#8221; alla &#8220;Testa&#8221;: Il cambio di paradigma<\/h2>\n\n\n\n<p>Per decenni, la Germania \u00e8 stata criticata per la sua timidezza nelle spese militari. Oggi, il Ministro Boris Pistorius ha ribaltato la narrativa. La nuova strategia identifica la <strong>Russia come minaccia esistenziale<\/strong> e posiziona la Germania non pi\u00f9 come un semplice contributore, ma come il <strong>motore logistico e operativo della NATO<\/strong>.<\/p>\n\n\n\n<h3 class=\"wp-block-heading\" id=\"h-i-tre-pilastri-del-nuovo-corso\">I tre pilastri del &#8220;Nuovo Corso&#8221;:<\/h3>\n\n\n\n<ul class=\"wp-block-list\">\n<li><strong>Difesa Integrata:<\/strong> Superamento della distinzione tra teatri regionali. Per Berlino, la sicurezza dell&#8217;Indo-Pacifico e del Medio Oriente \u00e8 ormai inscindibile da quella del suolo europeo.<\/li>\n\n\n\n<li><strong>Potenza di Fuoco Tecnologica:<\/strong> Basta contare solo i carri armati. Il focus si sposta su <strong>deep precision strike<\/strong> (attacchi di precisione a lungo raggio), difesa contro <strong>missili ipersonici<\/strong> e stormi di droni.<\/li>\n\n\n\n<li><strong>Addio Burocrazia:<\/strong> The plan <strong>EMA26<\/strong> punta a snellire l&#8217;apparato militare con l&#8217;intelligenza artificiale, rendendo l&#8217;esercito una macchina pronta all&#8217;uso immediato.<\/li>\n<\/ul>\n\n\n\n<figure class=\"wp-block-image size-full\"><picture><source srcset=\"https:\/\/brigatafolgore.b-cdn.net\/wp-content\/uploads\/2026\/04\/Screenshot-2026-04-27-073010.png.webp\" type=\"image\/webp\"><img decoding=\"async\" src=\"https:\/\/brigatafolgore.b-cdn.net\/wp-content\/uploads\/2026\/04\/Screenshot-2026-04-27-073010.png\" alt=\"La Germania si fa Scudo: Berlino assume la guida della Difesa Europea\" class=\"wp-image-17998 webpexpress-processed\" title=\"Il Concetto Difensivo di Berlino - Responsabilit\u00e0 per la Difesa Europea\"><\/picture><figcaption class=\"wp-element-caption\">Il Concetto Difensivo di Berlino &#8211; Responsabilit\u00e0 per la Difesa Europea<\/figcaption><\/figure>\n\n\n\n<h2 class=\"wp-block-heading\" id=\"h-un-esercito-di-massa-per-il-xxi-secolo\">Un esercito di massa per il XXI secolo<\/h2>\n\n\n\n<p>La <a href=\"https:\/\/brigatafolgore.net\/en\/germania-la-bundeswehr-tra-carenza-di-personale-e-alta-tecnologia\/\">Germania punta a una mobilitazione senza precedenti <\/a>dalla fine della Guerra Fredda. L&#8217;obiettivo \u00e8 creare una forza d&#8217;urto di quasi mezzo milione di uomini.<\/p>\n\n\n\n<ul class=\"wp-block-list\">\n<li><strong>Professionisti:<\/strong> Salita a <strong>260.000<\/strong> soldati attivi.<\/li>\n\n\n\n<li><strong>Riserva Strategica:<\/strong> Una forza di <strong>200.000<\/strong> riservisti, equipaggiati e addestrati al pari dei reparti d&#8217;\u00e9lite, pronti a difendere il territorio nazionale e gestire i flussi alleati verso est.<\/li>\n\n\n\n<li><strong>Il ritorno del dovere:<\/strong> Se il reclutamento volontario non dovesse bastare, la legge approvata a gennaio 2026 permette di attivare immediatamente la <strong>compulsory conscription<\/strong>.<\/li>\n<\/ul>\n\n\n\n<h2 class=\"wp-block-heading\" id=\"h-germania-come-hub-della-nato\">Germania come &#8220;Hub&#8221; della NATO<\/h2>\n\n\n\n<p>Il cuore della strategia \u00e8 geografico: la Germania si propone come il <strong>fulcro logistico<\/strong> per l&#8217;intera Alleanza. In caso di aggressione russa ai Paesi Baltici o alla Polonia, sar\u00e0 la Germania a dover garantire che truppe, rifornimenti e munizioni scorrano senza intoppi verso il fronte.<\/p>\n\n\n\n<blockquote class=\"wp-block-quote is-layout-flow wp-block-quote-is-layout-flow\">\n<p><em>&#8220;La riserva \u00e8 il cardine tra l&#8217;esercito e la societ\u00e0 civile&#8221;<\/em> - <strong>Boris Pistorius<\/strong>, Ministro della Difesa.<\/p>\n<\/blockquote>\n\n\n\n<h2 class=\"wp-block-heading\" id=\"h-le-sfide-tra-ambizione-e-realta\">Le sfide: Tra ambizione e realt\u00e0<\/h2>\n\n\n\n<p>Nonostante la determinazione, la strada \u00e8 in salita. La competizione globale per i sistemi di difesa (con una domanda altissima dal Medio Oriente) rischia di rallentare le consegne. Tuttavia, il messaggio politico inviato agli alleati e a Mosca \u00e8 inequivocabile: <strong>la Germania ha accettato il suo destino di potenza guida.<\/strong><\/p>\n\n\n\n<figure class=\"wp-block-image size-full\"><picture><source srcset=\"https:\/\/brigatafolgore.b-cdn.net\/wp-content\/uploads\/2026\/04\/Screenshot-2026-04-27-072914.png.webp\" type=\"image\/webp\"><img decoding=\"async\" src=\"https:\/\/brigatafolgore.b-cdn.net\/wp-content\/uploads\/2026\/04\/Screenshot-2026-04-27-072914.png\" alt=\"La Germania si fa Scudo: Berlino assume la guida della Difesa Europea\" class=\"wp-image-17997 webpexpress-processed\" title=\"Il Concetto Difensivo di Berlino - Responsabilit\u00e0 per la Difesa Europea\"><\/picture><figcaption class=\"wp-element-caption\">Il Concetto Difensivo di Berlino &#8211; Responsabilit\u00e0 per la Difesa Europea<\/figcaption><\/figure>\n\n\n\n<ol start=\"1\" class=\"wp-block-list\">\n<li><strong>Fase 1 (fino al 2029):<\/strong> Ricostituzione rapida dei ranghi e delle scorte.<\/li>\n\n\n\n<li><strong>Fase 2 (fino al 2035):<\/strong> Espansione delle capacit\u00e0 tecnologiche d&#8217;avanguardia.<\/li>\n\n\n\n<li><strong>Fase 3 (2039):<\/strong> Piena operativit\u00e0 come esercito dominante in Europa.<\/li>\n<\/ol>\n\n\n\n<p><\/p>\n\n<div style=\"    margin-top: 24px;    padding: 12px 16px;    border-left: 3px solid #6B1D3A;    background-color: #f9f5f6;    border-radius: 0 6px 6px 0;\">\n    <p style=\"        margin: 0;        font-size: 13px;        color: #6b6b6b;        line-height: 1.5;    \">\n        <strong style=\"color: #4A1228;\">Source:<\/strong>\n        <a href=\"https:\/\/www.bmvg.de\/resource\/blob\/6093998\/678875025812878cfa657f9801f62ffc\/dl-gesamtkonzeption-der-verteidigung-eng-data.pdf\"\n           style=\"color: #6B1D3A; text-decoration: underline;\"\n           target=\"_blank\"\n           rel=\"noopener noreferrer\">www.bmvg.de\/resource\/blob\/6093998\/678875025812878cfa657f9801f62ffc\/dl-gesamtkonzeption-der-verteidigung-eng-data.pdf<\/a>\n    <\/p>\n<\/div>","protected":false},"excerpt":{"rendered":"<p>Non \u00e8 pi\u00f9 solo una questione di economia: la Germania ha deciso di diventare il baricentro militare del Vecchio Continente. Con il piano strategico &#8220;Responsabilit\u00e0 per l\u2019Europa&#8221;, presentato il 22 aprile 2026, il governo tedesco ha rotto gli indugi, tracciando la rotta per trasformare la Bundeswehr nella forza convenzionale pi\u00f9 potente d&#8217;Europa entro il 2039. [&hellip;]<\/p>","protected":false},"author":2,"featured_media":31000,"comment_status":"open","ping_status":"open","sticky":false,"template":"","format":"standard","meta":{"_acf_changed":false,"_sitemap_exclude":false,"_sitemap_priority":"","_sitemap_frequency":"","footnotes":""},"categories":[243],"tags":[3929,3930,2040,962,665,2404,58],"sgg_keywords":[],"class_list":["post-30997","post","type-post","status-publish","format-standard","has-post-thumbnail","hentry","category-internazionali","tag-esercitotedesco","tag-nato2039","tag-bundeswehr","tag-difesaeuropa","tag-geopolitica","tag-pistorius","tag-sicurezza"],"acf":[],"_links":{"self":[{"href":"https:\/\/brigatafolgore.net\/en\/wp-json\/wp\/v2\/posts\/30997","targetHints":{"allow":["GET"]}}],"collection":[{"href":"https:\/\/brigatafolgore.net\/en\/wp-json\/wp\/v2\/posts"}],"about":[{"href":"https:\/\/brigatafolgore.net\/en\/wp-json\/wp\/v2\/types\/post"}],"author":[{"embeddable":true,"href":"https:\/\/brigatafolgore.net\/en\/wp-json\/wp\/v2\/users\/2"}],"replies":[{"embeddable":true,"href":"https:\/\/brigatafolgore.net\/en\/wp-json\/wp\/v2\/comments?post=30997"}],"version-history":[{"count":1,"href":"https:\/\/brigatafolgore.net\/en\/wp-json\/wp\/v2\/posts\/30997\/revisions"}],"predecessor-version":[{"id":31001,"href":"https:\/\/brigatafolgore.net\/en\/wp-json\/wp\/v2\/posts\/30997\/revisions\/31001"}],"wp:featuredmedia":[{"embeddable":true,"href":"https:\/\/brigatafolgore.net\/en\/wp-json\/wp\/v2\/media\/31000"}],"wp:attachment":[{"href":"https:\/\/brigatafolgore.net\/en\/wp-json\/wp\/v2\/media?parent=30997"}],"wp:term":[{"taxonomy":"category","embeddable":true,"href":"https:\/\/brigatafolgore.net\/en\/wp-json\/wp\/v2\/categories?post=30997"},{"taxonomy":"post_tag","embeddable":true,"href":"https:\/\/brigatafolgore.net\/en\/wp-json\/wp\/v2\/tags?post=30997"},{"taxonomy":"sgg_keywords","embeddable":true,"href":"https:\/\/brigatafolgore.net\/en\/wp-json\/wp\/v2\/sgg_keywords?post=30997"}],"curies":[{"name":"wp","href":"https:\/\/api.w.org\/{rel}","templated":true}]}}