{"id":29920,"date":"2026-03-14T18:44:03","date_gmt":"2026-03-14T17:44:03","guid":{"rendered":"https:\/\/brigatafolgore.net\/?p=29920"},"modified":"2026-03-14T18:46:05","modified_gmt":"2026-03-14T17:46:05","slug":"generale-ristuccia-la-guerra-del-futuro-tra-caos-logistica-e-minacce-ibride","status":"publish","type":"post","link":"https:\/\/brigatafolgore.net\/en\/generale-ristuccia-la-guerra-del-futuro-tra-caos-logistica-e-minacce-ibride\/","title":{"rendered":"Generale Ristuccia: la Guerra del Futuro tra Caos, Logistica e Minacce Ibride"},"content":{"rendered":"<p>Nel tempo dell\u2019incertezza permanente, la guerra non si presenta pi\u00f9 con i tratti netti del passato. <strong>Non sempre viene dichiarata, non sempre ha confini riconoscibili, e quasi mai si lascia leggere con le categorie tradizionali della contrapposizione tra Stati.<\/strong> \u00c8 questa la fotografia consegnata dal generale di corpo d\u2019armata <strong>Angelo Michele Ristuccia<\/strong>, <a href=\"https:\/\/brigatafolgore.net\/en\/general-ristuccia-at-logistics-command-for-future-challenges\/\">comandante logistico dell\u2019Esercito italiano<\/a>, intervenuto il 13 marzo 2026 a LetExpo di Verona.<\/p>\n\n\n\n<p>Le sue parole colpiscono perch\u00e9 descrivono una realt\u00e0 in cui pace e guerra sembrano ormai sovrapporsi. <strong>Il conflitto moderno non ha pi\u00f9 un inizio chiaro n\u00e9 una fine riconoscibile<\/strong>, ma si manifesta in forme diffuse, intermittenti, spesso indirette.<\/p>\n\n\n\n<p>Tra i passaggi pi\u00f9 forti del suo intervento, il generale ha affermato:<\/p>\n\n\n\n<blockquote class=\"wp-block-quote is-layout-flow wp-block-quote-is-layout-flow\">\n<p><strong>\u201cSiamo di fronte a una situazione senza precedenti. Viviamo la costante dell\u2019incertezza. Non sappiamo se siamo in un periodo di guerra o di pace, \u00e8 difficile capire chi \u00e8 l\u2019amico e chi il nemico\u201d.<\/strong><\/p>\n<\/blockquote>\n\n\n\n<p>Una riflessione che richiama anche l\u2019immagine della <strong>\u201cterza guerra mondiale a pezzi\u201d<\/strong>, usata da Papa Francesco, e che secondo Ristuccia descrive bene l\u2019attuale quadro internazionale: <strong>uno scenario globale frammentato, segnato da crisi simultanee, <\/strong><a href=\"https:\/\/brigatafolgore.net\/en\/la-guerra-ibrida-spiegata-tattiche-storia-e-la-sfida-per-la-nato\/\">minacce ibride e instabilit\u00e0 permanente<\/a><strong>.<\/strong><\/p>\n\n\n\n<figure class=\"wp-block-image size-large\"><img decoding=\"async\" src=\"https:\/\/brigatafolgore.b-cdn.net\/wp-content\/uploads\/2026\/03\/skynews-israel-gaza-war-conflict-6444132.jpg\" alt=\"La Dottrina Militare Trump 2.0 contro Terrorismo e Stati Canaglia - Airpower\/COIN\/Regional Power\" class=\"wp-image-16038\" title=\"Generale Ristuccia: la Guerra del Futuro tra Caos, Logistica e Minacce Ibride\" \/><figcaption class=\"wp-element-caption\">Generale Ristuccia: la Guerra del Futuro tra Caos, Logistica e Minacce Ibride<\/figcaption><\/figure>\n\n\n\n<h2 class=\"wp-block-heading\" id=\"h-logistica-risorse-e-consumi-il-vero-cuore-dei-conflitti-moderni\">Logistica, risorse e consumi: il vero cuore dei conflitti moderni<\/h2>\n\n\n\n<p>Il cuore dell\u2019analisi del generale Ristuccia \u00e8 un punto spesso sottovalutato nel dibattito pubblico: <strong>oggi la guerra non si combatte solo con le armi, ma con la capacit\u00e0 di sostenere nel tempo uomini, mezzi, rifornimenti, energia e trasporti.<\/strong><\/p>\n\n\n\n<p>Da comandante logistico dell\u2019Esercito, Ristuccia ha rimesso al centro un principio fondamentale della strategia militare contemporanea:<\/p>\n\n\n\n<blockquote class=\"wp-block-quote is-layout-flow wp-block-quote-is-layout-flow\">\n<p><strong>\u201cLa guerra \u00e8 questione di consumi\u201d<\/strong><\/p>\n<\/blockquote>\n\n\n\n<p>\u00c8 una frase semplice, ma potentissima. <strong>Significa che la tenuta di un esercito e di uno Stato dipende sempre pi\u00f9 dalla logistica, dalla resilienza delle infrastrutture, dalla sicurezza delle filiere e dalla capacit\u00e0 industriale nazionale.<\/strong> In altre parole, il conflitto si gioca anche nei porti, nelle reti energetiche, nelle catene di approvvigionamento, nei trasporti e nella manutenzione.<\/p>\n\n\n\n<p>In questo quadro, <strong>la logistica non \u00e8 pi\u00f9 un supporto secondario all\u2019azione militare, ma una componente decisiva del potere strategico.<\/strong> Ed \u00e8 proprio questo uno degli aspetti che Ristuccia conosce meglio, grazie a una lunga carriera nei teatri operativi e nei comandi multinazionali.<\/p>\n\n\n\n<h2 class=\"wp-block-heading\" id=\"h-l-autorevolezza-di-ristuccia-esperienza-sul-campo-e-conoscenza-delle-guerre-ibride\">L\u2019autorevolezza di Ristuccia: esperienza sul campo e conoscenza delle guerre ibride<\/h2>\n\n\n\n<p>Le dichiarazioni del generale acquistano ancora pi\u00f9 peso se lette alla luce del suo percorso professionale. <strong>Ristuccia non \u00e8 soltanto un comandante d\u2019alto livello: \u00e8 un ufficiale che ha maturato esperienza diretta in alcuni dei principali scenari di crisi degli ultimi anni<\/strong>, tra Iraq, Kosovo e Libano, oltre a incarichi di vertice nella NATO e nell\u2019Esercito italiano.<\/p>\n\n\n\n<figure class=\"wp-block-image size-large\"><picture><source srcset=\"https:\/\/brigatafolgore.b-cdn.net\/wp-content\/uploads\/2026\/03\/FzOqwxlWwAEyc9h.jpg.webp\" type=\"image\/webp\"><img decoding=\"async\" src=\"https:\/\/brigatafolgore.b-cdn.net\/wp-content\/uploads\/2026\/03\/FzOqwxlWwAEyc9h.jpg\" alt=\"Generale Ristuccia: la Guerra del Futuro tra Caos, Logistica e Minacce Ibride\" class=\"wp-image-16575 webpexpress-processed\" title=\"Generale Ristuccia: la Guerra del Futuro tra Caos, Logistica e Minacce Ibride\"><\/picture><figcaption class=\"wp-element-caption\">Generale Ristuccia: la Guerra del Futuro tra Caos, Logistica e Minacce Ibride<\/figcaption><\/figure>\n\n\n\n<p>Ha comandato la Brigata \u201cAriete\u201d, la Divisione \u201cVittorio Veneto\u201d, il COMFOP Sud, ed \u00e8 stato alla guida del contingente nazionale a Erbil nell\u2019operazione <strong>\u201cPrima Parthica\u201d<\/strong>. Inoltre, ha ricoperto il ruolo di comandante della missione NATO <strong>KFOR in Kosovo<\/strong>, in una fase delicata per la stabilit\u00e0 balcanica. Anche fonti come <strong>brigatafolgore.net<\/strong> ne sottolineano il profilo di ufficiale con <strong>\u201cvasto bagaglio professionale ed esperienziale\u201d<\/strong>, evidenziandone la determinazione e la profonda conoscenza degli strumenti operativi e organizzativi della Forza Armata.<\/p>\n\n\n\n<p>\u00c8 da questa esperienza concreta che nasce la sua analisi sulla trasformazione della guerra. Secondo Ristuccia, oggi i conflitti non sono pi\u00f9 riconducibili soltanto alla rivalit\u00e0 tra Stati, ma si sviluppano in un ecosistema pi\u00f9 ampio e instabile, dove agiscono anche soggetti irregolari, reti transnazionali e poteri economici.<\/p>\n\n\n\n<p>Lo ha spiegato con parole nette:<\/p>\n\n\n\n<blockquote class=\"wp-block-quote is-layout-flow wp-block-quote-is-layout-flow\">\n<p><strong>\u201cSi \u00e8 perso il riconoscimento dell\u2019inviolabilit\u00e0 dei confini e la guerra non \u00e8 pi\u00f9 riconducibile alla rivalit\u00e0 esclusiva tra Stati\u201d<\/strong><\/p>\n<\/blockquote>\n\n\n\n<p>E ancora:<\/p>\n\n\n\n<blockquote class=\"wp-block-quote is-layout-flow wp-block-quote-is-layout-flow\">\n<p><strong>\u201cIntervengono nell\u2019economia della guerra anche attori non statali che sono in grado di influenzarla. \u00c8 diventata un ecosistema complesso, contraddistinto da variabili ignote e dall\u2019assenza di risposte univoche\u201d<\/strong><\/p>\n<\/blockquote>\n\n\n\n<p>\u00c8 qui che la riflessione del generale diventa anche una previsione sul futuro. <strong>La guerra che viene sar\u00e0 sempre meno lineare, sempre meno leggibile, sempre pi\u00f9 ibrida.<\/strong> E vincer\u00e0 non solo chi avr\u00e0 pi\u00f9 forza, ma chi sapr\u00e0 comprendere prima degli altri la complessit\u00e0 del nuovo scenario.<\/p>\n\n<div style=\"    margin-top: 24px;    padding: 12px 16px;    border-left: 3px solid #6B1D3A;    background-color: #f9f5f6;    border-radius: 0 6px 6px 0;\">\n    <p style=\"        margin: 0;        font-size: 13px;        color: #6b6b6b;        line-height: 1.5;    \">\n        <strong style=\"color: #4A1228;\">Source:<\/strong>\n        <a href=\"https:\/\/www.ilgiornale.it\/news\/difesa\/effetti-imprevedibili-profezia-generale-sulle-guerre-futuro-2638224.html\"\n           style=\"color: #6B1D3A; text-decoration: underline;\"\n           target=\"_blank\"\n           rel=\"noopener noreferrer\">www.ilgiornale.it\/news\/difesa\/effetti-imprevedibili-profezia-generale-sulle-guerre-futuro-2638224.html<\/a>\n    <\/p>\n<\/div>","protected":false},"excerpt":{"rendered":"<p>Nel tempo dell\u2019incertezza permanente, la guerra non si presenta pi\u00f9 con i tratti netti del passato. Non sempre viene dichiarata, non sempre ha confini riconoscibili, e quasi mai si lascia leggere con le categorie tradizionali della contrapposizione tra Stati. \u00c8 questa la fotografia consegnata dal generale di corpo d\u2019armata Angelo Michele Ristuccia, comandante logistico dell\u2019Esercito [&hellip;]<\/p>","protected":false},"author":2,"featured_media":29923,"comment_status":"open","ping_status":"open","sticky":false,"template":"","format":"standard","meta":{"_acf_changed":false,"_sitemap_exclude":false,"_sitemap_priority":"","_sitemap_frequency":"","footnotes":""},"categories":[54],"tags":[3643,3644,224,665,3645,2262,1574],"sgg_keywords":[],"class_list":["post-29920","post","type-post","status-publish","format-standard","has-post-thumbnail","hentry","category-nazionali","tag-angelomicheleristuccia","tag-conflittimoderni","tag-esercitoitaliano","tag-geopolitica","tag-guerreibride","tag-logisticamilitare","tag-mediooriente"],"acf":[],"_links":{"self":[{"href":"https:\/\/brigatafolgore.net\/en\/wp-json\/wp\/v2\/posts\/29920","targetHints":{"allow":["GET"]}}],"collection":[{"href":"https:\/\/brigatafolgore.net\/en\/wp-json\/wp\/v2\/posts"}],"about":[{"href":"https:\/\/brigatafolgore.net\/en\/wp-json\/wp\/v2\/types\/post"}],"author":[{"embeddable":true,"href":"https:\/\/brigatafolgore.net\/en\/wp-json\/wp\/v2\/users\/2"}],"replies":[{"embeddable":true,"href":"https:\/\/brigatafolgore.net\/en\/wp-json\/wp\/v2\/comments?post=29920"}],"version-history":[{"count":2,"href":"https:\/\/brigatafolgore.net\/en\/wp-json\/wp\/v2\/posts\/29920\/revisions"}],"predecessor-version":[{"id":29946,"href":"https:\/\/brigatafolgore.net\/en\/wp-json\/wp\/v2\/posts\/29920\/revisions\/29946"}],"wp:featuredmedia":[{"embeddable":true,"href":"https:\/\/brigatafolgore.net\/en\/wp-json\/wp\/v2\/media\/29923"}],"wp:attachment":[{"href":"https:\/\/brigatafolgore.net\/en\/wp-json\/wp\/v2\/media?parent=29920"}],"wp:term":[{"taxonomy":"category","embeddable":true,"href":"https:\/\/brigatafolgore.net\/en\/wp-json\/wp\/v2\/categories?post=29920"},{"taxonomy":"post_tag","embeddable":true,"href":"https:\/\/brigatafolgore.net\/en\/wp-json\/wp\/v2\/tags?post=29920"},{"taxonomy":"sgg_keywords","embeddable":true,"href":"https:\/\/brigatafolgore.net\/en\/wp-json\/wp\/v2\/sgg_keywords?post=29920"}],"curies":[{"name":"wp","href":"https:\/\/api.w.org\/{rel}","templated":true}]}}