{"id":29858,"date":"2026-03-12T15:44:04","date_gmt":"2026-03-12T14:44:04","guid":{"rendered":"https:\/\/brigatafolgore.net\/?p=29858"},"modified":"2026-03-12T15:46:05","modified_gmt":"2026-03-12T14:46:05","slug":"4-reggimento-artiglieria-controaerei-peschiera-un-secolo-di-difesa-dei-cieli","status":"publish","type":"post","link":"https:\/\/brigatafolgore.net\/en\/4-reggimento-artiglieria-controaerei-peschiera-un-secolo-di-difesa-dei-cieli\/","title":{"rendered":"4\u00b0 Reggimento Artiglieria Controaerei Peschiera: un Secolo di Difesa dei Cieli"},"content":{"rendered":"<p>Mantova ha ospitato una cerimonia particolarmente significativa per la storia dell\u2019Esercito Italiano: il <strong>centenario della costituzione del 4\u00b0 Reggimento Artiglieria Controaerei \u201cPeschiera\u201d<\/strong>, reparto nato <strong>l\u201911 marzo 1926<\/strong> e oggi di stanza presso la <strong>Caserma San Martino<\/strong>. L\u2019evento ha rappresentato non solo un momento celebrativo, ma anche un\u2019occasione per <strong>ripercorrere cento anni di storia militare<\/strong> e di impegno nella <strong>difesa dello spazio aereo nazionale<\/strong>.<\/p>\n\n\n\n<p>Alla cerimonia hanno preso parte numerose autorit\u00e0 civili e militari. Tra queste il <strong>Army Corps General Carmine Masiello<\/strong>, Capo di Stato Maggiore dell\u2019Esercito; il <strong>Generale di Corpo d\u2019Armata Giovanni Gagliano<\/strong>, <a href=\"https:\/\/difesanews.com\/digitale-esercito-giovanni-gagliano-comandante\/\" rel=\"noopener\">Comandante delle Forze di Supporto al Combattimento<\/a>; il Prefetto della provincia di Mantova <strong>Dott. Roberto Bolognesi<\/strong>; il Presidente della Provincia <strong>Carlo Bottani<\/strong> and the <strong>Generale di Brigata Mattia Zuzzi<\/strong>, Comandante dell\u2019Artiglieria Controaerei.<\/p>\n\n\n\n<p>A guidare oggi il Reggimento \u00e8 il <strong>Colonnello Salvatore Verde<\/strong>, responsabile della <strong>continuit\u00e0 operativa e dell\u2019addestramento<\/strong> del reparto.<\/p>\n\n\n\n<p>La presenza di numerosi rappresentanti istituzionali ha sottolineato <strong>il valore storico e operativo dell\u2019unit\u00e0<\/strong>, che nel corso del tempo ha rappresentato <strong>uno dei pilastri della difesa antiaerea dell\u2019Esercito<\/strong>. Nel corso della cerimonia si \u00e8 svolta anche la tradizionale <strong>rassegna dello schieramento<\/strong>symbol of <strong>disciplina, coesione e identit\u00e0 militare<\/strong>.<\/p>\n\n\n\n<p>The <strong>4\u00b0 Reggimento \u201cPeschiera\u201d<\/strong> ha attraversato <strong>un secolo di trasformazioni tecnologiche e strategiche<\/strong>, adattandosi ai cambiamenti dello scenario internazionale e contribuendo alla <strong>protezione dello spazio aereo<\/strong> in contesti sempre pi\u00f9 complessi. Dalla nascita nel primo dopoguerra fino alle missioni contemporanee, il reparto ha rappresentato <strong>una componente fondamentale del sistema di difesa nazionale<\/strong>.<\/p>\n\n\n\n<p>La ricorrenza del centenario ha quindi offerto l\u2019opportunit\u00e0 di <strong>rendere omaggio a generazioni di artiglieri<\/strong> che, nel corso degli anni, hanno contribuito con professionalit\u00e0 e dedizione a costruire <strong>la storia e le tradizioni dell\u2019unit\u00e0<\/strong>, mantenendo vivo il patrimonio di valori che caratterizza l\u2019Esercito Italiano.<\/p>\n\n\n\n<h2 class=\"wp-block-heading\" id=\"h-il-legame-con-il-territorio-e-le-comunita\">Il legame con il territorio e le comunit\u00e0<\/h2>\n\n\n\n<p>Uno degli aspetti pi\u00f9 significativi emersi durante la cerimonia \u00e8 stato <strong>il profondo legame tra il 4\u00b0 Reggimento \u201cPeschiera\u201d e i territori che ne hanno ospitato la sede<\/strong>.<\/p>\n\n\n\n<p>A testimonianza di questo rapporto hanno partecipato all\u2019evento i <strong>Sindaci e i Gonfaloni<\/strong> di numerosi Comuni legati alla storia dell\u2019unit\u00e0, tra cui <strong>Peschiera del Garda, Mantova, Albenga, Cervignano del Friuli, Riva del Garda e Verona<\/strong>.<\/p>\n\n\n\n<p>Questo legame rappresenta <strong>una dimensione fondamentale della presenza dell\u2019Esercito sul territorio<\/strong>. Le unit\u00e0 militari non sono infatti soltanto strumenti operativi della difesa nazionale, ma anche <strong>realt\u00e0 profondamente integrate nel tessuto sociale delle comunit\u00e0 locali<\/strong>.<\/p>\n\n\n\n<p>Nel caso del <strong>4\u00b0 Reggimento Artiglieria Controaerei \u201cPeschiera\u201d<\/strong>, questo rapporto si \u00e8 consolidato nel corso dei decenni attraverso <strong>la presenza costante dei militari, le attivit\u00e0 istituzionali e il contributo alla vita civile dei territori ospitanti<\/strong>.<\/p>\n\n\n\n<p>Momento particolarmente significativo della cerimonia \u00e8 stata la <strong>lettura della motivazione della cittadinanza onoraria conferita dal Comune di Peschiera del Garda<\/strong>, localit\u00e0 dove <strong>cento anni fa nacque il Reggimento<\/strong>.<\/p>\n\n\n\n<figure class=\"wp-block-image size-large\"><picture><source srcset=\"https:\/\/brigatafolgore.b-cdn.net\/wp-content\/uploads\/2026\/03\/e0a43ca6-0c55-4b28-bf22-01fbcd2e0d27.jpg.webp\" type=\"image\/webp\"><img decoding=\"async\" src=\"https:\/\/brigatafolgore.b-cdn.net\/wp-content\/uploads\/2026\/03\/e0a43ca6-0c55-4b28-bf22-01fbcd2e0d27.jpg\" alt=\"Un secolo di difesa dei cieli: il 4\u00b0 Reggimento Artiglieria Controaerei \u201cPeschiera\u201d celebra il centenario\" class=\"wp-image-16457 webpexpress-processed\" title=\"Un secolo di difesa dei cieli: il 4\u00b0 Reggimento Artiglieria Controaerei \u201cPeschiera\u201d celebra il centenario\"><\/picture><figcaption class=\"wp-element-caption\">Momento della Cerimonia. Fonte Esercito Italiano.<\/figcaption><\/figure>\n\n\n\n<p>Il riconoscimento, <strong>di alto valore simbolico e istituzionale<\/strong>, ha voluto celebrare il <strong>rapporto storico tra la citt\u00e0 e il reparto<\/strong>.<\/p>\n\n\n\n<p>Questa onorificenza si aggiunge a quelle gi\u00e0 attribuite negli anni passati dai Comuni di <strong>Mantova<\/strong> e <strong>Curtatone<\/strong>, ulteriore testimonianza del <strong>legame profondo e duraturo tra l\u2019unit\u00e0 militare e il territorio<\/strong>. Le cittadinanze onorarie rappresentano infatti <strong>un segno concreto di riconoscenza delle comunit\u00e0 verso i militari<\/strong> che hanno condiviso con esse momenti di storia, crescita e sviluppo.<\/p>\n\n\n\n<p>Attraverso questi riconoscimenti si rafforza <strong>il senso di appartenenza reciproca tra Forze Armate e societ\u00e0 civile<\/strong>, evidenziando come la presenza di un reparto militare possa contribuire alla <strong>costruzione di un\u2019identit\u00e0 territoriale condivisa<\/strong>.<\/p>\n\n\n\n<h2 class=\"wp-block-heading\" id=\"h-difendere-il-futuro-tecnologia-valori-e-uomini\">Difendere il futuro, tecnologia valori e uomini<\/h2>\n\n\n\n<p>Nel corso della cerimonia, il <strong>Army Corps General Carmine Masiello<\/strong> ha offerto una riflessione sul significato del centenario e sulle <strong>sfide che attendono l\u2019Esercito nei prossimi anni<\/strong>.<\/p>\n\n\n\n<p>Nel suo intervento ha sottolineato come questa ricorrenza non rappresenti un punto di arrivo, ma <strong>l\u2019inizio di un nuovo percorso<\/strong>.<\/p>\n\n\n\n<p>La sicurezza, infatti, <strong>non pu\u00f2 essere considerata un dato acquisito<\/strong>: deve essere <strong>costruita, mantenuta e difesa ogni giorno<\/strong>.<\/p>\n\n\n\n<figure class=\"wp-block-image size-large\"><picture><source srcset=\"https:\/\/brigatafolgore.b-cdn.net\/wp-content\/uploads\/2026\/03\/93e72010-3abf-4fa7-9768-9c0e128580ef.jpg.webp\" type=\"image\/webp\"><img decoding=\"async\" src=\"https:\/\/brigatafolgore.b-cdn.net\/wp-content\/uploads\/2026\/03\/93e72010-3abf-4fa7-9768-9c0e128580ef.jpg\" alt=\"Un secolo di difesa dei cieli: il 4\u00b0 Reggimento Artiglieria Controaerei \u201cPeschiera\u201d celebra il centenario\" class=\"wp-image-16456 webpexpress-processed\" title=\"Un secolo di difesa dei cieli: il 4\u00b0 Reggimento Artiglieria Controaerei \u201cPeschiera\u201d celebra il centenario\"><\/picture><figcaption class=\"wp-element-caption\">Intervento Capo di Stato Maggiore dell&#8217;Esercito. Fonte Esercito Italiano.<\/figcaption><\/figure>\n\n\n\n<p>In un contesto internazionale caratterizzato da <strong>nuove tensioni e minacce emergenti<\/strong>, l\u2019Esercito sta affrontando <strong>una profonda trasformazione strutturale<\/strong>, con l\u2019obiettivo di diventare <a href=\"https:\/\/difesanews.com\/crosetto-spinge-per-la-difesa-contraerei-missili-italia-raddoppiera-la-produzione-di-missili-sampt\/\" rel=\"noopener\">uno strumento sempre pi\u00f9 moderno e tecnologicamente avanzato<\/a>, capace di rispondere alle aspettative della Nazione.<\/p>\n\n\n\n<p>In questo scenario, la difesa dalle minacce provenienti dalla <strong>terza dimensione \u2014 lo spazio aereo \u2014<\/strong> rappresenta <strong>una delle principali direttrici di sviluppo delle capacit\u00e0 militari<\/strong>. I sistemi di difesa antiaerea svolgono infatti <strong>un ruolo cruciale nella protezione delle infrastrutture strategiche, delle forze schierate e del territorio nazionale<\/strong>.<\/p>\n\n\n\n<p>The <strong>Army Corps General Carmine Masiello<\/strong> ha tuttavia ricordato che, nonostante l\u2019importanza della tecnologia, <strong>il principale sistema d\u2019arma resta la risorsa umana<\/strong>.<\/p>\n\n\n\n<p>L'<strong>training<\/strong> rappresenta infatti <strong>la migliore garanzia per ogni soldato<\/strong>, chiamato ad affrontare le sfide operative del presente e del futuro.<\/p>\n\n\n\n<p>Accanto alla tecnologia e alla preparazione, restano fondamentali <strong>i valori che da sempre guidano i militari<\/strong>: <strong>spirito di servizio, senso di responsabilit\u00e0 e dedizione alla Patria<\/strong>.<\/p>\n\n\n\n<p>Il centenario del <strong>4\u00b0 Reggimento Artiglieria Controaerei \u201cPeschiera\u201d<\/strong> diventa quindi <strong>non solo una celebrazione della memoria<\/strong>, ma anche <strong>un impegno verso il futuro<\/strong>: continuare a garantire <strong>la difesa dei cieli italiani<\/strong> con professionalit\u00e0, innovazione e fedelt\u00e0 ai valori che da un secolo accompagnano la storia dell\u2019unit\u00e0.<\/p>\n\n<div style=\"    margin-top: 24px;    padding: 12px 16px;    border-left: 3px solid #6B1D3A;    background-color: #f9f5f6;    border-radius: 0 6px 6px 0;\">\n    <p style=\"        margin: 0;        font-size: 13px;        color: #6b6b6b;        line-height: 1.5;    \">\n        <strong style=\"color: #4A1228;\">Source:<\/strong>\n        <a href=\"https:\/\/www.esercito.difesa.it\/comunicazione\/da-100-anni-a-difesa-dei-cieli\/175117.html\"\n           style=\"color: #6B1D3A; text-decoration: underline;\"\n           target=\"_blank\"\n           rel=\"noopener noreferrer\">www.esercito.difesa.it\/comunicazione\/da-100-anni-a-difesa-dei-cieli\/175117.html<\/a>\n    <\/p>\n<\/div>","protected":false},"excerpt":{"rendered":"<p>Mantova ha ospitato una cerimonia particolarmente significativa per la storia dell\u2019Esercito Italiano: il centenario della costituzione del 4\u00b0 Reggimento Artiglieria Controaerei \u201cPeschiera\u201d, reparto nato l\u201911 marzo 1926 e oggi di stanza presso la Caserma San Martino. L\u2019evento ha rappresentato non solo un momento celebrativo, ma anche un\u2019occasione per ripercorrere cento anni di storia militare e [&hellip;]<\/p>","protected":false},"author":2,"featured_media":29861,"comment_status":"open","ping_status":"open","sticky":false,"template":"","format":"standard","meta":{"_acf_changed":false,"_sitemap_exclude":false,"_sitemap_priority":"","_sitemap_frequency":"","footnotes":""},"categories":[54],"tags":[3622,3623,224],"sgg_keywords":[],"class_list":["post-29858","post","type-post","status-publish","format-standard","has-post-thumbnail","hentry","category-nazionali","tag-4reggimentopeschiera","tag-artiglieriacontroaerei","tag-esercitoitaliano"],"acf":[],"_links":{"self":[{"href":"https:\/\/brigatafolgore.net\/en\/wp-json\/wp\/v2\/posts\/29858","targetHints":{"allow":["GET"]}}],"collection":[{"href":"https:\/\/brigatafolgore.net\/en\/wp-json\/wp\/v2\/posts"}],"about":[{"href":"https:\/\/brigatafolgore.net\/en\/wp-json\/wp\/v2\/types\/post"}],"author":[{"embeddable":true,"href":"https:\/\/brigatafolgore.net\/en\/wp-json\/wp\/v2\/users\/2"}],"replies":[{"embeddable":true,"href":"https:\/\/brigatafolgore.net\/en\/wp-json\/wp\/v2\/comments?post=29858"}],"version-history":[{"count":1,"href":"https:\/\/brigatafolgore.net\/en\/wp-json\/wp\/v2\/posts\/29858\/revisions"}],"predecessor-version":[{"id":29862,"href":"https:\/\/brigatafolgore.net\/en\/wp-json\/wp\/v2\/posts\/29858\/revisions\/29862"}],"wp:featuredmedia":[{"embeddable":true,"href":"https:\/\/brigatafolgore.net\/en\/wp-json\/wp\/v2\/media\/29861"}],"wp:attachment":[{"href":"https:\/\/brigatafolgore.net\/en\/wp-json\/wp\/v2\/media?parent=29858"}],"wp:term":[{"taxonomy":"category","embeddable":true,"href":"https:\/\/brigatafolgore.net\/en\/wp-json\/wp\/v2\/categories?post=29858"},{"taxonomy":"post_tag","embeddable":true,"href":"https:\/\/brigatafolgore.net\/en\/wp-json\/wp\/v2\/tags?post=29858"},{"taxonomy":"sgg_keywords","embeddable":true,"href":"https:\/\/brigatafolgore.net\/en\/wp-json\/wp\/v2\/sgg_keywords?post=29858"}],"curies":[{"name":"wp","href":"https:\/\/api.w.org\/{rel}","templated":true}]}}