{"id":29765,"date":"2026-03-09T18:51:52","date_gmt":"2026-03-09T17:51:52","guid":{"rendered":"https:\/\/brigatafolgore.net\/?p=29765"},"modified":"2026-03-09T18:55:31","modified_gmt":"2026-03-09T17:55:31","slug":"difesa-e-improvvisazione-il-richiamo-del-generale-c-a-rodolfo-sganga-nellera-dei-social-e-della-guerra-cognitiva","status":"publish","type":"post","link":"https:\/\/brigatafolgore.net\/en\/difesa-e-improvvisazione-il-richiamo-del-generale-c-a-rodolfo-sganga-nellera-dei-social-e-della-guerra-cognitiva\/","title":{"rendered":"Difesa e improvvisazione: il richiamo del Generale C.A. Rodolfo Sganga nell\u2019era dei social e della guerra cognitiva"},"content":{"rendered":"<p>The <strong>Generale di Corpo d\u2019Armata Rodolfo Sganga<\/strong> ha recentemente pubblicato sulla propria pagina Facebook una riflessione, visibile pubblicamente, che merita di essere letta con attenzione, soprattutto in un momento storico in cui le questioni di difesa, sicurezza e guerra sono entrate stabilmente nel dibattito pubblico.<\/p>\n\n\n\n<p>Nel suo intervento, il Generale ha posto l\u2019accento su un punto fondamentale: <strong>la differenza tra chi commenta superficialmente temi militari e chi, invece, dedica anni di studio alla comprensione di quello che \u00e8 probabilmente il fenomeno pi\u00f9 complesso che l\u2019umanit\u00e0 si trovi ad affrontare, la guerra<\/strong>.<\/p>\n\n\n\n<blockquote class=\"wp-block-quote is-layout-flow wp-block-quote-is-layout-flow\">\n<p>\u00abLa differenza tra chi commenta di Difesa tra una partita di calcio e l\u2019altra e chi invece \u00e8 professionista del Mestiere delle Armi, risiede negli anni di studio dedicati alla comprensione del fenomeno pi\u00f9 complesso cui l\u2019essere umano possa essere chiamato a fronteggiare: la guerra.<\/p>\n\n\n\n<p>E questo non certo per diventarne sostenitore, sarebbe da pazzi, ma per comprenderlo nel tentativo di governarlo per quanto possibile.<\/p>\n\n\n\n<p>Pertanto, nel passaggio da \u201callenatore della nazionale\u201d di domenica ad \u201cesperto di Difesa\u201d del luned\u00ec conviene approfittare e studiare, altrimenti si rischia di dire un sacco di \u201cinesattezze\u201d\u2026\u00bb<\/p>\n<\/blockquote>\n\n\n\n<p>Un messaggio duro e semplice allo stesso tempo, ma estremamente attuale.<\/p>\n\n\n\n<h2 class=\"wp-block-heading\" id=\"h-la-guerra-non-e-un-opinione\">La guerra non \u00e8 un\u2019opinione<\/h2>\n\n\n\n<p>La guerra non \u00e8 un tema da affrontare con leggerezza o improvvisazione.<br>\u00c8 un fenomeno complesso che coinvolge strategia, geopolitica, tecnologia, economia, psicologia e dottrina militare. <strong>Comprenderlo richiede anni di studio, formazione accademica militare, esperienza operativa e analisi continua dell\u2019evoluzione del campo di battaglia.<\/strong><\/p>\n\n\n\n<p>\u00c8 per questo che nelle forze armate di tutto il mondo la formazione dei quadri militari \u00e8 strutturata su percorsi lunghi e rigorosi: accademie, scuole di guerra, corsi di stato maggiore e anni di esperienza sul terreno.<\/p>\n\n\n\n<p>Ridurre tutto questo a un commento improvvisato sui social significa inevitabilmente produrre analisi superficiali o, nel peggiore dei casi, completamente errate, con il rischio di alimentare narrazioni distorte che possono avere conseguenze concrete sul dibattito pubblico e sulle scelte, anche e soprattutto politiche, della Nazione.<\/p>\n\n\n\n<h2 class=\"wp-block-heading\" id=\"h-l-era-della-guerra-cognitiva\">L\u2019era della guerra cognitiva<\/h2>\n\n\n\n<p>C\u2019\u00e8 un elemento che rende il richiamo dell&#8217;Ufficiale Paracadutista ancora pi\u00f9 attuale: il contesto della cosiddetta <strong>guerra cognitiva<\/strong>.<\/p>\n\n\n\n<p>Negli ultimi anni la NATO ha iniziato a parlare apertamente di <em>Cognitive Warfare<\/em>, una forma di conflitto che non mira a distruggere infrastrutture o unit\u00e0 militari, ma a <strong>influenzare la percezione delle persone ed orientare il dibattito pubblico<\/strong>.<\/p>\n\n\n\n<p>In questo tipo di conflitto, <strong>l\u2019obiettivo non \u00e8 il territorio ma la mente<\/strong>.<\/p>\n\n\n\n<p>Informazioni parziali, interpretazioni errate, semplificazioni e narrazioni distorte diventano strumenti capaci di orientare l\u2019opinione pubblica.<\/p>\n\n\n\n<p>Ed \u00e8 proprio qui che emerge un problema evidente: <strong>chi non possiede strumenti di analisi nel campo della difesa diventa inevitabilmente pi\u00f9 vulnerabile a questo tipo di influenza<\/strong>. Non si tratta di una colpa, ma di una conseguenza naturale della complessit\u00e0 della materia.<\/p>\n\n\n\n<p>La questione si \u00e8 ulteriormente accentuata, purtroppo, con il conflitto russo-ucraino. Improvvisamente tutti sembrano sapere tutto, spesso senza aver minimamente verificato la veridicit\u00e0 delle fonti o l\u2019attendibilit\u00e0 delle informazioni. <strong>Dottrine, tecniche, strategie: elementi fondamentali dello studio della guerra sembrano scomparsi dal dibattito.<\/strong> All\u2019improvviso una materia complessa \u00e8 stata ridotta a qualcosa di apparentemente semplice, alla portata di chiunque abbia un\u2019opinione da esprimere sui social.<\/p>\n\n\n\n<h2 class=\"wp-block-heading\" id=\"h-la-responsabilita-dell-informazione-sulla-difesa\">La responsabilit\u00e0 dell\u2019informazione sulla Difesa<\/h2>\n\n\n\n<p>In questo contesto, il dibattito pubblico sui temi della difesa assume un\u2019importanza ancora maggiore.<\/p>\n\n\n\n<p>Parlare di guerra, infatti, non significa limitarsi a commentare eventi militari o dinamiche operative, ma <strong>contribuire alla formazione di una consapevolezza pubblica su questioni che riguardano direttamente la sicurezza nazionale e internazionale.<\/strong><\/p>\n\n\n\n<p>Per questo motivo condividiamo pienamente, ed accogliamo con convinzione, il richiamo del Generale Sganga.<\/p>\n\n\n\n<p>Il lavoro di questo blog nasce proprio dalla convinzione che le questioni legate alla difesa debbano essere affrontate con rigore, studio e competenza, evitando semplificazioni che rischiano di impoverire un dibattito gi\u00e0 di per s\u00e9 complesso.<\/p>\n\n\n\n<p>Nel nostro progetto collaborano infatti militari di altissimo profilo, oggi in congedo dopo lunghe esperienze operative e di comando, con i quali abbiamo avuto pi\u00f9 volte occasione di approfondire temi legati alla dottrina militare e all\u2019evoluzione delle operazioni contemporanee.<\/p>\n\n\n\n<p>Il contributo di queste competenze rappresenta per noi un elemento fondamentale: non per alimentare polemiche o contrapposizioni, ma <strong>per offrire ai lettori strumenti di analisi pi\u00f9 solidi in un ambito in cui la complessit\u00e0 \u00e8 la regola e l\u2019improvvisazione rischia di diventare terreno fertile per interpretazioni distorte della realt\u00e0<\/strong>.<\/p>\n\n\n\n<h2 class=\"wp-block-heading\" id=\"h-studiare-per-capire\">Studiare per capire<\/h2>\n\n\n\n<p>Il messaggio del Generale Sganga, in fondo, \u00e8 molto chiaro. <strong>Studiare la guerra non significa giustificarla o sostenerla. Significa comprenderla.<\/strong><\/p>\n\n\n\n<p>Solo comprendendo i meccanismi che regolano i conflitti \u00e8 possibile analizzarli, interpretarli e, quando possibile, contribuire a governarne gli effetti.<\/p>\n\n\n\n<p>In un\u2019epoca in cui le informazioni circolano velocemente e il dibattito pubblico si forma spesso sui social network, <strong>il richiamo allo studio e alla competenza \u00e8 un contributo prezioso per chi si occupa seriamente di Difesa.<\/strong><\/p>","protected":false},"excerpt":{"rendered":"<p>Il Generale di Corpo d\u2019Armata Rodolfo Sganga ha recentemente pubblicato sulla propria pagina Facebook una riflessione, visibile pubblicamente, che merita di essere letta con attenzione, soprattutto in un momento storico in cui le questioni di difesa, sicurezza e guerra sono entrate stabilmente nel dibattito pubblico. Nel suo intervento, il Generale ha posto l\u2019accento su un [&hellip;]<\/p>","protected":false},"author":2,"featured_media":29766,"comment_status":"open","ping_status":"open","sticky":false,"template":"","format":"standard","meta":{"_acf_changed":false,"_sitemap_exclude":false,"_sitemap_priority":"","_sitemap_frequency":"","footnotes":""},"categories":[49],"tags":[2159,80,3305],"sgg_keywords":[],"class_list":["post-29765","post","type-post","status-publish","format-standard","has-post-thumbnail","hentry","category-blog","tag-culturadelladifesa","tag-difesa","tag-guerracognitiva"],"acf":[],"_links":{"self":[{"href":"https:\/\/brigatafolgore.net\/en\/wp-json\/wp\/v2\/posts\/29765","targetHints":{"allow":["GET"]}}],"collection":[{"href":"https:\/\/brigatafolgore.net\/en\/wp-json\/wp\/v2\/posts"}],"about":[{"href":"https:\/\/brigatafolgore.net\/en\/wp-json\/wp\/v2\/types\/post"}],"author":[{"embeddable":true,"href":"https:\/\/brigatafolgore.net\/en\/wp-json\/wp\/v2\/users\/2"}],"replies":[{"embeddable":true,"href":"https:\/\/brigatafolgore.net\/en\/wp-json\/wp\/v2\/comments?post=29765"}],"version-history":[{"count":2,"href":"https:\/\/brigatafolgore.net\/en\/wp-json\/wp\/v2\/posts\/29765\/revisions"}],"predecessor-version":[{"id":29769,"href":"https:\/\/brigatafolgore.net\/en\/wp-json\/wp\/v2\/posts\/29765\/revisions\/29769"}],"wp:featuredmedia":[{"embeddable":true,"href":"https:\/\/brigatafolgore.net\/en\/wp-json\/wp\/v2\/media\/29766"}],"wp:attachment":[{"href":"https:\/\/brigatafolgore.net\/en\/wp-json\/wp\/v2\/media?parent=29765"}],"wp:term":[{"taxonomy":"category","embeddable":true,"href":"https:\/\/brigatafolgore.net\/en\/wp-json\/wp\/v2\/categories?post=29765"},{"taxonomy":"post_tag","embeddable":true,"href":"https:\/\/brigatafolgore.net\/en\/wp-json\/wp\/v2\/tags?post=29765"},{"taxonomy":"sgg_keywords","embeddable":true,"href":"https:\/\/brigatafolgore.net\/en\/wp-json\/wp\/v2\/sgg_keywords?post=29765"}],"curies":[{"name":"wp","href":"https:\/\/api.w.org\/{rel}","templated":true}]}}