{"id":29682,"date":"2026-03-05T22:44:03","date_gmt":"2026-03-05T21:44:03","guid":{"rendered":"https:\/\/brigatafolgore.net\/?p=29682"},"modified":"2026-03-05T22:46:05","modified_gmt":"2026-03-05T21:46:05","slug":"cipro-sotto-scudo-litalia-salpa-con-gli-alleati-contro-la-minaccia-iraniana","status":"publish","type":"post","link":"https:\/\/brigatafolgore.net\/en\/cipro-sotto-scudo-litalia-salpa-con-gli-alleati-contro-la-minaccia-iraniana\/","title":{"rendered":"Cipro sotto scudo: l\u2019Italia salpa con gli alleati contro la minaccia iraniana"},"content":{"rendered":"<p><strong>ROMA, 5 marzo 2026<\/strong> \u2014 L\u2019Italia si prepara a inviare <strong>unit\u00e0 navali<\/strong> verso il <strong>Mediterraneo orientale<\/strong> per contribuire alla protezione di <strong>Cipro<\/strong> dopo i recenti attacchi attribuiti all\u2019<strong>Iran<\/strong>. L\u2019annuncio \u00e8 arrivato dal ministro della Difesa <strong>Guido Crosetto<\/strong>, che ha parlato di un\u2019iniziativa congiunta con <strong>Spain<\/strong>, <strong>France<\/strong> e <strong>Olanda<\/strong> \u201cnei prossimi giorni\u201d.<\/p>\n\n\n\n<h2 class=\"wp-block-heading\" id=\"h-la-missione-proteggere-cipro-e-il-fianco-sud-est-europeo\">La missione: proteggere Cipro e il fianco sud-est europeo<\/h2>\n\n\n\n<p>La decisione nasce dal timore che la guerra con l\u2019<strong>Iran<\/strong> possa allargarsi fino al \u201cbordo\u201d sud-orientale dell\u2019<strong>Europa<\/strong>, con Cipro in prima linea. In settimana, la base britannica <strong>RAF Akrotiri<\/strong> (nel sud dell\u2019isola) \u00e8 stata indicata come obiettivo di <strong>droni d\u2019attacco<\/strong>, riaccendendo l\u2019allarme sulla vulnerabilit\u00e0 di infrastrutture strategiche nel quadrante.<\/p>\n\n\n\n<p>Cipro, inoltre, \u00e8 un punto chiave per logistica e sicurezza nel Levante: qui convergono interessi di <strong>NATO<\/strong>, partner europei e alleati regionali. Non a caso, <strong>Atene<\/strong> ha gi\u00e0 reagito inviando <strong>due fregate greche<\/strong> a sostegno dell\u2019isola.<\/p>\n\n\n\n<p>Tra le unit\u00e0 che potrebbero muoversi in tempi rapidi c\u2019\u00e8 la fregata <a href=\"https:\/\/brigatafolgore.net\/en\/a-new-fremm-for-the-navy-spartaco-schergat\/\">Spartaco Schergat<\/a> (classe <strong>FREMM<\/strong>), che si trova al largo della <strong>Sicilia<\/strong> e sta concludendo l\u2019esercitazione <strong>NATO Dynamic Manta<\/strong>. Il limite operativo \u00e8 logistico: prima di puntare su <strong>Cipro<\/strong>, la nave dovrebbe rientrare in <strong>base<\/strong> for <strong>rifornimento<\/strong>.<\/p>\n\n\n\n<p>Secondo valutazioni interne, un\u2019opzione pi\u00f9 robusta per la <strong>difesa aerea<\/strong> sarebbe un cacciatorpediniere classe <strong>Horizon<\/strong>, grazie ai radar a <strong>lungo raggio<\/strong>. Ma qui entra in gioco la disponibilit\u00e0: l\u2019<strong>Andrea Doria<\/strong> risulta lontana (al largo della <strong>Norway<\/strong>), mentre il <strong>Caio Duilio<\/strong> \u00e8 in <strong>maintenance<\/strong> a <strong>The Spice<\/strong>. Tradotto: la scelta italiana dipender\u00e0 dal compromesso tra <strong>rapidit\u00e0<\/strong> di dispiegamento e <strong>capacity<\/strong> di sorveglianza e ingaggio.<\/p>\n\n\n\n<p>Sul piano operativo, le marine coinvolte potrebbero coordinarsi senza un unico comando nazionale: cooperazione <strong>multinazionale<\/strong> con catene di comando <strong>separate<\/strong>, ma obiettivo comune.<\/p>\n\n\n\n<figure class=\"wp-block-image size-large\"><picture><source srcset=\"https:\/\/brigatafolgore.b-cdn.net\/wp-content\/uploads\/2026\/03\/1003010-scaled.jpg.webp\" type=\"image\/webp\"><img decoding=\"async\" title=\"Cipro sotto scudo: l\u2019Italia salpa con gli alleati contro la minaccia iraniana\" src=\"https:\/\/brigatafolgore.b-cdn.net\/wp-content\/uploads\/2026\/03\/1003010-scaled.jpg\" alt=\"Cipro sotto scudo: l\u2019Italia salpa con gli alleati contro la minaccia iraniana\" class=\"wp-image-16209 webpexpress-processed\"><\/picture><figcaption class=\"wp-element-caption\">Cipro sotto scudo: l\u2019Italia salpa con gli alleati contro la minaccia iraniana<\/figcaption><\/figure>\n\n\n\n<h2 class=\"wp-block-heading\" id=\"h-la-risposta-europea-portaerei-francese-fregata-spagnola-mosse-uk-e-cautela-tedesca\">La risposta europea: portaerei francese, fregata spagnola, mosse UK e cautela tedesca<\/h2>\n\n\n\n<p>La spinta europea \u00e8 guidata dalla Francia: il presidente <strong>Emmanuel Macron<\/strong> ha ordinato al gruppo portaerei <strong>Charles de Gaulle<\/strong> (inizialmente in esercitazione nel nord Europa) di dirigersi verso il <strong>Mediterraneo<\/strong>. L\u2019arrivo \u00e8 atteso tra fine settimana e inizio della prossima, secondo la ministra francese <strong>Catherine Vautrin<\/strong>.<\/p>\n\n\n\n<p>La <strong>Spain<\/strong> si \u00e8 gi\u00e0 agganciata alla formazione: la fregata <strong>Crist\u00f3bal Col\u00f3n<\/strong> \u00e8 stata indicata come assetto di punta per <strong>protezione<\/strong> e <strong>difesa aerea<\/strong>, in sinergia con una batteria <strong>Patriot<\/strong> spagnola dispiegata in <strong>Turchia<\/strong>. Madrid prevede anche un possibile impiego per <strong>evacuazioni<\/strong> di civili se la crisi dovesse peggiorare.<\/p>\n\n\n\n<p>The <strong>United Kingdom<\/strong>, invece, punta sul Type 45 <strong>Dragon<\/strong> per rafforzare la sicurezza della base a Cipro, ma la nave \u00e8 ancora in preparazione e potrebbe salpare solo <strong>la prossima settimana<\/strong>. L'<strong>Olanda<\/strong> invia la fregata <strong>Evertsen<\/strong>, con missione ancora da definire. La <strong>Germany<\/strong> resta pi\u00f9 prudente: Berlino parla di supporto a \u201cmisure preventive\u201d, ma sostiene che i piani regionali e <strong>NATO<\/strong> assicurino gi\u00e0 un livello adeguato di prontezza.<\/p>\n\n\n\n<p>Intanto, l\u2019Italia guarda anche oltre Cipro: la premier <strong>Giorgia Meloni<\/strong> ha detto che Roma invier\u00e0 sistemi di <strong>difesa aerea<\/strong> per proteggere gli <strong>Stati del Golfo<\/strong>, e in ambienti italiani cresce l\u2019ipotesi di un dispiegamento del <strong>SAMP\/T<\/strong>.<\/p>\n\n<div style=\"    margin-top: 24px;    padding: 12px 16px;    border-left: 3px solid #6B1D3A;    background-color: #f9f5f6;    border-radius: 0 6px 6px 0;\">\n    <p style=\"        margin: 0;        font-size: 13px;        color: #6b6b6b;        line-height: 1.5;    \">\n        <strong style=\"color: #4A1228;\">Source:<\/strong>\n        <a href=\"https:\/\/www.defensenews.com\/global\/europe\/2026\/03\/05\/italy-allies-send-warships-to-protect-europes-southeastern-edge-from-iran-strikes\/\"\n           style=\"color: #6B1D3A; text-decoration: underline;\"\n           target=\"_blank\"\n           rel=\"noopener noreferrer\">www.defensenews.com\/global\/europe\/2026\/03\/05\/italy-allies-send-warships-to-protect-europes-southeastern-edge-from-iran-strikes<\/a>\n    <\/p>\n<\/div>","protected":false},"excerpt":{"rendered":"<p>ROMA, 5 marzo 2026 \u2014 L\u2019Italia si prepara a inviare unit\u00e0 navali verso il Mediterraneo orientale per contribuire alla protezione di Cipro dopo i recenti attacchi attribuiti all\u2019Iran. L\u2019annuncio \u00e8 arrivato dal ministro della Difesa Guido Crosetto, che ha parlato di un\u2019iniziativa congiunta con Spagna, Francia e Olanda \u201cnei prossimi giorni\u201d. La missione: proteggere Cipro [&hellip;]<\/p>","protected":false},"author":2,"featured_media":29684,"comment_status":"open","ping_status":"open","sticky":false,"template":"","format":"standard","meta":{"_acf_changed":false,"_sitemap_exclude":false,"_sitemap_priority":"","_sitemap_frequency":"","footnotes":""},"categories":[243],"tags":[3573,648,1656,209,3588,3589,63],"sgg_keywords":[],"class_list":["post-29682","post","type-post","status-publish","format-standard","has-post-thumbnail","hentry","category-internazionali","tag-cipro","tag-difesa-aerea","tag-iran","tag-italia","tag-marine-alleate","tag-mediterraneo-orientale","tag-nato"],"acf":[],"_links":{"self":[{"href":"https:\/\/brigatafolgore.net\/en\/wp-json\/wp\/v2\/posts\/29682","targetHints":{"allow":["GET"]}}],"collection":[{"href":"https:\/\/brigatafolgore.net\/en\/wp-json\/wp\/v2\/posts"}],"about":[{"href":"https:\/\/brigatafolgore.net\/en\/wp-json\/wp\/v2\/types\/post"}],"author":[{"embeddable":true,"href":"https:\/\/brigatafolgore.net\/en\/wp-json\/wp\/v2\/users\/2"}],"replies":[{"embeddable":true,"href":"https:\/\/brigatafolgore.net\/en\/wp-json\/wp\/v2\/comments?post=29682"}],"version-history":[{"count":1,"href":"https:\/\/brigatafolgore.net\/en\/wp-json\/wp\/v2\/posts\/29682\/revisions"}],"predecessor-version":[{"id":29685,"href":"https:\/\/brigatafolgore.net\/en\/wp-json\/wp\/v2\/posts\/29682\/revisions\/29685"}],"wp:featuredmedia":[{"embeddable":true,"href":"https:\/\/brigatafolgore.net\/en\/wp-json\/wp\/v2\/media\/29684"}],"wp:attachment":[{"href":"https:\/\/brigatafolgore.net\/en\/wp-json\/wp\/v2\/media?parent=29682"}],"wp:term":[{"taxonomy":"category","embeddable":true,"href":"https:\/\/brigatafolgore.net\/en\/wp-json\/wp\/v2\/categories?post=29682"},{"taxonomy":"post_tag","embeddable":true,"href":"https:\/\/brigatafolgore.net\/en\/wp-json\/wp\/v2\/tags?post=29682"},{"taxonomy":"sgg_keywords","embeddable":true,"href":"https:\/\/brigatafolgore.net\/en\/wp-json\/wp\/v2\/sgg_keywords?post=29682"}],"curies":[{"name":"wp","href":"https:\/\/api.w.org\/{rel}","templated":true}]}}