{"id":29044,"date":"2026-02-03T09:33:40","date_gmt":"2026-02-03T08:33:40","guid":{"rendered":"https:\/\/brigatafolgore.net\/?p=29044"},"modified":"2026-02-03T09:37:24","modified_gmt":"2026-02-03T08:37:24","slug":"dalla-protezione-alla-potenza-la-dottrina-draghi-per-una-difesa-federale","status":"publish","type":"post","link":"https:\/\/brigatafolgore.net\/en\/dalla-protezione-alla-potenza-la-dottrina-draghi-per-una-difesa-federale\/","title":{"rendered":"Dalla Protezione alla Potenza: La &#8220;Dottrina Draghi&#8221; per una Difesa Federale"},"content":{"rendered":"<p>Il discorso pronunciato ieri da Mario Draghi all&#8217;Universit\u00e0 Ku Leuven segna la fine dell&#8217;innocenza strategica europea. Per decenni, l\u2019Europa ha vissuto sotto l\u2019ombrello protettivo americano, delegando la propria sicurezza a Washington per concentrarsi sulla prosperit\u00e0 commerciale. Ma oggi, con l&#8217;ordine globale &#8220;defunto&#8221;, Draghi chiarisce che la difesa non \u00e8 pi\u00f9 un optional, ma la condizione stessa di esistenza dell&#8217;Unione.<\/p>\n\n\n\n<h2 class=\"wp-block-heading\" id=\"h-il-fallimento-della-difesa-per-delega\">Il Fallimento della Difesa per Delega<\/h2>\n\n\n\n<p>La diagnosi di Draghi \u00e8 spietata: la dottrina della sicurezza europea, plasmata sulla protezione statunitense, \u00e8 saltata. Se prima il commercio e la sicurezza viaggiavano su binari paralleli, oggi i due mondi sono entrati in rotta di collisione. Gli Stati Uniti non considerano pi\u00f9 l&#8217;integrit\u00e0 europea un valore assoluto, ma vedono nella nostra frammentazione una funzione dei propri interessi. Contemporaneamente, la Cina utilizza le catene di approvvigionamento (terre rare e tecnologia) come vere e proprie armi di coercizione.<\/p>\n\n\n\n<blockquote class=\"wp-block-quote is-layout-flow wp-block-quote-is-layout-flow\">\n<p><em>&#8220;Un&#8217;Europa unificata sul commercio ma frammentata sulla difesa vedr\u00e0 il suo potere commerciale sfruttato a scapito della sua dipendenza in materia di sicurezza.&#8221;<\/em><\/p>\n<\/blockquote>\n\n\n\n<figure class=\"wp-block-image size-large\"><picture><source srcset=\"https:\/\/brigatafolgore.b-cdn.net\/wp-content\/uploads\/2026\/02\/20190621PHT55025-cl.jpg.webp\" type=\"image\/webp\"><img decoding=\"async\" src=\"https:\/\/brigatafolgore.b-cdn.net\/wp-content\/uploads\/2026\/02\/20190621PHT55025-cl.jpg\" alt=\"Dalla Protezione alla Potenza: La \"dottrina draghi\" per una federale\" class=\"wp-image-15146 webpexpress-processed\"><\/picture><figcaption class=\"wp-element-caption\">Dalla Protezione alla Potenza: La &#8220;Dottrina Draghi&#8221; per una Federale<\/figcaption><\/figure>\n\n\n\n<h2 class=\"wp-block-heading\" id=\"h-il-valore-della-forza-difendere-gli-interessi-per-salvare-i-valori\">Il Valore della Forza: Difendere gli Interessi per Salvare i Valori<\/h2>\n\n\n\n<p>Il punto pi\u00f9 profondo dell&#8217;analisi di Draghi riguarda il legame tra <strong>etica e forza<\/strong>. Spesso l&#8217;Europa ha cullato l&#8217;illusione di poter essere una &#8220;potenza normativa&#8221; (capace di influenzare il mondo solo con le leggi e i trattati) senza il supporto di una reale capacit\u00e0 deterrente. Draghi demolisce questo paradigma:<\/p>\n\n\n\n<p><strong>&#8220;Un&#8217;Europa che non \u00e8 in grado di difendere i propri interessi non potr\u00e0 preservare a lungo i propri valori.&#8221;<\/strong><\/p>\n\n\n\n<p>Dal punto di vista della difesa, questo significa che la democrazia, lo Stato di diritto e i diritti civili non sono entit\u00e0 astratte che si proteggono da sole; esse poggiano sulla capacit\u00e0 materiale di resistere a ricatti economici e minacce militari. Senza l&#8217;autonomia strategica (energia, tecnologia, armamenti), i valori europei diventano vulnerabili alle priorit\u00e0 delle potenze egemoni.<\/p>\n\n\n\n<figure class=\"wp-block-image size-large\"><img decoding=\"async\" src=\"https:\/\/brigatafolgore.b-cdn.net\/wp-content\/uploads\/2026\/02\/numerical-comparison-between-a-potential-unified-eu-army-to-v0-p8ajakp9tyfb1.webp\" alt=\"Dalla Protezione alla Potenza: La &quot;Dottrina Draghi&quot; per una Federale\" class=\"wp-image-15147\"\/><figcaption class=\"wp-element-caption\">Dalla Protezione alla Potenza: La &#8220;Dottrina Draghi&#8221; per una Federale<\/figcaption><\/figure>\n\n\n\n<h2 class=\"wp-block-heading\" id=\"h-il-problema-strutturale-la-confederazione-e-un-bersaglio\">Il Problema Strutturale: La Confederazione \u00e8 un Bersaglio<\/h2>\n\n\n\n<p>Il &#8220;federalismo pragmatico&#8221; risponde a una necessit\u00e0 operativa. L&#8217;attuale modello confederale \u2014 basato su 27 stati che coordinano eserciti e bilanci in modo autonomo \u2014 \u00e8 inefficiente.<\/p>\n\n\n\n<ul class=\"wp-block-list\">\n<li><strong>Il Diritto di Veto come vulnerabilit\u00e0:<\/strong> In una crisi rapida, l&#8217;unanimit\u00e0 impedisce la deterrenza.<\/li>\n\n\n\n<li><strong>La frammentazione industriale:<\/strong> L&#8217;Europa disperde risorse in troppi sistemi d&#8217;arma duplicati, mentre i competitor scalano l&#8217;AI militare.<\/li>\n\n\n\n<li><strong>La tattica del &#8220;divide et impera&#8221;:<\/strong> Senza integrazione federale, i singoli stati sono vulnerabili a pressioni esterne mirate.<\/li>\n<\/ul>\n\n\n\n<h2 class=\"wp-block-heading\" id=\"h-la-difesa-come-motore-della-federazione\">La Difesa come Motore della Federazione<\/h2>\n\n\n\n<p>Draghi propone di usare l&#8217;azione comune nella difesa per forgiare l&#8217;unione. L&#8217;esempio della Groenlandia dimostra che solo la volont\u00e0 di &#8220;resistere piuttosto che accettare&#8221; costringe i partner a una valutazione strategica reale. Per diventare una &#8220;Potenza&#8221;, l&#8217;Europa deve:<\/p>\n\n\n\n<ol start=\"1\" class=\"wp-block-list\">\n<li><strong>Integrare le catene del valore:<\/strong> Ridurre la dipendenza estrema (90%) dalle terre rare cinesi.<\/li>\n\n\n\n<li><strong>Superare l&#8217;unanimit\u00e0:<\/strong> Meccanismi decisionali rapidi per rispondere alle minacce ibride.<\/li>\n\n\n\n<li><strong>Investire in Hard Power:<\/strong> Trasformare il primato commerciale in capacit\u00e0 di proiezione e difesa dei nodi critici.<\/li>\n<\/ol>\n\n\n\n<figure class=\"wp-block-image size-full\"><picture><source srcset=\"https:\/\/brigatafolgore.b-cdn.net\/wp-content\/uploads\/2026\/02\/20220503PHT28607-original.jpg.webp 1800w, https:\/\/brigatafolgore.b-cdn.net\/wp-content\/uploads\/2026\/02\/20220503PHT28607-original-300x200.jpg.webp 300w, https:\/\/brigatafolgore.b-cdn.net\/wp-content\/uploads\/2026\/02\/20220503PHT28607-original-1024x683.jpg.webp 1024w, https:\/\/brigatafolgore.b-cdn.net\/wp-content\/uploads\/2026\/02\/20220503PHT28607-original-768x512.jpg.webp 768w, https:\/\/brigatafolgore.b-cdn.net\/wp-content\/uploads\/2026\/02\/20220503PHT28607-original-1536x1024.jpg.webp 1536w, https:\/\/brigatafolgore.b-cdn.net\/wp-content\/uploads\/2026\/02\/20220503PHT28607-original-18x12.jpg.webp 18w\" sizes=\"(max-width: 1800px) 100vw, 1800px\" type=\"image\/webp\"><img fetchpriority=\"high\" decoding=\"async\" width=\"1800\" height=\"1200\" src=\"https:\/\/brigatafolgore.net\/wp-content\/uploads\/2026\/02\/20220503PHT28607-original.jpg\" alt=\"\" class=\"wp-image-29048 webpexpress-processed\" srcset=\"https:\/\/brigatafolgore.b-cdn.net\/wp-content\/uploads\/2026\/02\/20220503PHT28607-original.jpg 1800w, https:\/\/brigatafolgore.b-cdn.net\/wp-content\/uploads\/2026\/02\/20220503PHT28607-original-300x200.jpg 300w, https:\/\/brigatafolgore.b-cdn.net\/wp-content\/uploads\/2026\/02\/20220503PHT28607-original-1024x683.jpg 1024w, https:\/\/brigatafolgore.b-cdn.net\/wp-content\/uploads\/2026\/02\/20220503PHT28607-original-768x512.jpg 768w, https:\/\/brigatafolgore.b-cdn.net\/wp-content\/uploads\/2026\/02\/20220503PHT28607-original-1536x1024.jpg 1536w, https:\/\/brigatafolgore.b-cdn.net\/wp-content\/uploads\/2026\/02\/20220503PHT28607-original-18x12.jpg 18w\" sizes=\"(max-width: 1800px) 100vw, 1800px\"><\/picture><figcaption class=\"wp-element-caption\">Dalla Protezione alla Potenza: La &#8220;Dottrina Draghi&#8221; per una Federale<\/figcaption><\/figure>\n\n\n\n<h2 class=\"wp-block-heading\" id=\"h-conclusione-l-ultimo-appello-alla-sopravvivenza\">Conclusione: L&#8217;Ultimo Appello alla Sopravvivenza<\/h2>\n\n\n\n<p>La &#8220;Dottrina Draghi&#8221; \u00e8 un piano di emergenza. L&#8217;Europa ha tutto \u2014 tecnologia, ricchezza, cultura \u2014 ma deve decidere se essere un soggetto o un oggetto della storia. Se non saremo in grado di difendere i nostri interessi con una forza federale, i nostri valori saranno i primi a essere sacrificati sull&#8217;altare dei nuovi equilibri globali.<\/p>\n\n<div style=\"    margin-top: 24px;    padding: 12px 16px;    border-left: 3px solid #6B1D3A;    background-color: #f9f5f6;    border-radius: 0 6px 6px 0;\">\n    <p style=\"        margin: 0;        font-size: 13px;        color: #6b6b6b;        line-height: 1.5;    \">\n        <strong style=\"color: #4A1228;\">Source:<\/strong>\n        <a href=\"https:\/\/www.ilfoglio.it\/esteri\/2026\/02\/02\/news\/mario-draghi-l-ordine-globale-e-defunto-ma-la-vera-minaccia-e-cio-che-lo-sostituisce--8604784\/\"\n           style=\"color: #6B1D3A; text-decoration: underline;\"\n           target=\"_blank\"\n           rel=\"noopener noreferrer\">www.ilfoglio.it\/esteri\/2026\/02\/02\/news\/mario-draghi-l-ordine-globale-e-defunto-ma-la-vera-minaccia-e-cio-che-lo-sostituisce--8604784<\/a>\n    <\/p>\n<\/div>","protected":false},"excerpt":{"rendered":"<p>Il discorso pronunciato ieri da Mario Draghi all&#8217;Universit\u00e0 Ku Leuven segna la fine dell&#8217;innocenza strategica europea. Per decenni, l\u2019Europa ha vissuto sotto l\u2019ombrello protettivo americano, delegando la propria sicurezza a Washington per concentrarsi sulla prosperit\u00e0 commerciale. Ma oggi, con l&#8217;ordine globale &#8220;defunto&#8221;, Draghi chiarisce che la difesa non \u00e8 pi\u00f9 un optional, ma la condizione [&hellip;]<\/p>","protected":false},"author":2,"featured_media":29047,"comment_status":"open","ping_status":"open","sticky":false,"template":"","format":"standard","meta":{"_acf_changed":false,"_sitemap_exclude":false,"_sitemap_priority":"","_sitemap_frequency":"","footnotes":""},"categories":[243],"tags":[3344,3345,3346,3347],"sgg_keywords":[],"class_list":["post-29044","post","type-post","status-publish","format-standard","has-post-thumbnail","hentry","category-internazionali","tag-difesacomune","tag-draghi","tag-mariodraghi","tag-unioneeuropea"],"acf":[],"_links":{"self":[{"href":"https:\/\/brigatafolgore.net\/en\/wp-json\/wp\/v2\/posts\/29044","targetHints":{"allow":["GET"]}}],"collection":[{"href":"https:\/\/brigatafolgore.net\/en\/wp-json\/wp\/v2\/posts"}],"about":[{"href":"https:\/\/brigatafolgore.net\/en\/wp-json\/wp\/v2\/types\/post"}],"author":[{"embeddable":true,"href":"https:\/\/brigatafolgore.net\/en\/wp-json\/wp\/v2\/users\/2"}],"replies":[{"embeddable":true,"href":"https:\/\/brigatafolgore.net\/en\/wp-json\/wp\/v2\/comments?post=29044"}],"version-history":[{"count":3,"href":"https:\/\/brigatafolgore.net\/en\/wp-json\/wp\/v2\/posts\/29044\/revisions"}],"predecessor-version":[{"id":29051,"href":"https:\/\/brigatafolgore.net\/en\/wp-json\/wp\/v2\/posts\/29044\/revisions\/29051"}],"wp:featuredmedia":[{"embeddable":true,"href":"https:\/\/brigatafolgore.net\/en\/wp-json\/wp\/v2\/media\/29047"}],"wp:attachment":[{"href":"https:\/\/brigatafolgore.net\/en\/wp-json\/wp\/v2\/media?parent=29044"}],"wp:term":[{"taxonomy":"category","embeddable":true,"href":"https:\/\/brigatafolgore.net\/en\/wp-json\/wp\/v2\/categories?post=29044"},{"taxonomy":"post_tag","embeddable":true,"href":"https:\/\/brigatafolgore.net\/en\/wp-json\/wp\/v2\/tags?post=29044"},{"taxonomy":"sgg_keywords","embeddable":true,"href":"https:\/\/brigatafolgore.net\/en\/wp-json\/wp\/v2\/sgg_keywords?post=29044"}],"curies":[{"name":"wp","href":"https:\/\/api.w.org\/{rel}","templated":true}]}}