{"id":28778,"date":"2026-01-26T12:09:00","date_gmt":"2026-01-26T11:09:00","guid":{"rendered":"https:\/\/brigatafolgore.net\/?p=28778"},"modified":"2026-01-26T12:35:42","modified_gmt":"2026-01-26T11:35:42","slug":"80-anni-di-fervente-identita-lassociazione-nazionale-paracadutisti-ditalia-tra-memoria-e-continuita-1946-2026","status":"publish","type":"post","link":"https:\/\/brigatafolgore.net\/en\/80-anni-di-fervente-identita-lassociazione-nazionale-paracadutisti-ditalia-tra-memoria-e-continuita-1946-2026\/","title":{"rendered":"80 anni di fervente identit\u00e0: l&#8217;Associazione Nazionale Paracadutisti d\u2019Italia tra memoria e continuit\u00e0 (1946\u20132026)"},"content":{"rendered":"<p>L\u2019A.N.P.d\u2019I. ha appena compiuto <strong>80 anni<\/strong> dalla sua nascita. Non \u00e8 una ricorrenza qualunque: \u00e8 una misura del tempo necessaria per capire se un\u2019idea \u00e8 davvero <strong>solida, utile, viva<\/strong>. In ottant\u2019anni l\u2019Associazione non ha semplicemente \u201cresistito\u201d; ha <strong>tenuto insieme<\/strong> <strong>persone, valori, memoria e futuro del Paracadutismo Italiano<\/strong>, anche quando il contesto sociale, politico e militare cambiava profondamente.<\/p>\n\n\n\n<p>Attenzione perch\u00e8 le Associazioni d\u2019Arma hanno un compito estremamente delicato: non sostituire le Forze Armate, non fare politica, non indulgere nella nostalgia. Il loro valore sta nel <strong>custodire e trasmettere un\u2019appartenenza, animata da una passione profonda e sincera<\/strong>.<\/p>\n\n\n\n<p>L\u2019A.N.P.d\u2019I. lo fa secondo una <strong>tradizione<\/strong> and a<strong>\u2019identit\u00e0<\/strong> che le sono proprie.<\/p>\n\n\n\n<h2 class=\"wp-block-heading\">L&#8217;Associazione d&#8217;Arma dove i valori si custodiscono e si trasmettono<\/h2>\n\n\n\n<p>Tradizione e identit\u00e0 con uno stile inconfondibile perch\u00e9 \u00e8 l\u2019<strong>Associazione d\u2019Arma dei Paracadutisti<\/strong>: uomini e donne che hanno interiorizzato un\u2019idea di servizio fondata su disciplina, responsabilit\u00e0, ardimento e spirito di corpo. Quando l\u2019uniforme viene riposta, quei valori non scompaiono; rischiano semmai di disperdersi. <strong>L\u2019Associazione \u00e8 il luogo in cui continuano a essere praticati, non solo ricordati.<\/strong><\/p>\n\n\n\n<p>Nata l&#8217;11 gennaio 1946 come API (Associazione Paracadutisti Italiani), viene ufficialmente riconosciunta con decreto <strong>del Presidente della Repubblica n. 620 del 10 febbraio 1956<\/strong> e individuata dalla normativa del 2010 come <strong>unico organismo associativo dedicato ai Paracadutisti Italiani<\/strong>, l\u2019A.N.P.d\u2019I. \u00e8 anche tra i fondatori dell\u2019Unione Europea dei Paracadutisti.<\/p>\n\n\n\n<p>Non siamo davanti ad un dettaglio giuridico: la Storia dell&#8217;A.N.P.d\u2019I. \u00e8 il riflesso di una <strong>credibilit\u00e0 costruita nel tempo<\/strong>, nella coerenza tra ci\u00f2 che si dichiara e ci\u00f2 che si fa. L\u2019Associazione accoglie Paracadutisti ex combattenti, in servizio, in congedo, o persone dal mondo civile che semplicemente desiderano avvicinarsi al mondo della nostra Specialit\u00e0, mantenendo una soglia identitaria chiara: <strong>appartenenza reale, non simbolica<\/strong>.<\/p>\n\n\n\n<p>Il cuore dell\u2019A.N.P.d\u2019I. \u00e8 la <strong>continuit\u00e0 generazionale<\/strong>. In oltre 130 sezioni diffuse sul territorio nazionale, il Paracadutista di ieri incontra quello di oggi. Non per raccontarsi addosso, ma per trasmettere esperienza. La memoria, qui, non \u00e8 celebrazione sterile: \u00e8 <strong>criterio<\/strong>.<\/p>\n\n\n\n<p>Serve a capire perch\u00e9 certe tradizioni esistono, perch\u00e9 certi gesti contano, perch\u00e9 il linguaggio della Specialit\u00e0 non \u00e8 folclore ma sintesi di una cultura operativa e umana nata in quell\u2019<strong>agosto del 1918<\/strong>, quando un giovane Tenente <strong>Alessandro Tandura<\/strong> fece qualcosa che allora era impensabile: <strong>si lanci\u00f2 dietro le linee nemiche con un paracadute<\/strong>, entrando di fatto nella storia del paracadutismo militare.<\/p>\n\n\n\n<p>Qui la tradizione non si eredita soltanto: <strong>nasce<\/strong>.<\/p>\n\n\n\n<p>Siamo il Paese che dopo la la pila con Volta e la radio con Marconi, ha scritto anche una pagina fondativa patrimonio di tutti gli Italiani.<\/p>\n\n\n\n<p><strong>Ed \u00e8 anche per questo che<\/strong>, nel corso dei decenni, l\u2019Associazione ha mantenuto un rapporto strutturato e rispettoso con i reparti, collaborando alla formazione, alla divulgazione della storia e alla cura delle ricorrenze. Perch\u00e9 l\u2019addestramento paracadutistico \u00e8 sempre stato <strong>un mezzo, non un fine<\/strong>: ci\u00f2 che conta \u00e8 la trasmissione dei valori che lo rendono possibile.<\/p>\n\n\n\n<p><strong>Coraggio e disciplina non sono slogan<\/strong>; sono abitudini che si coltivano nel tempo, anche nella vita civile.<\/p>\n\n\n\n<figure class=\"wp-block-image size-large\"><picture><source srcset=\"https:\/\/brigatafolgore.b-cdn.net\/wp-content\/uploads\/2026\/01\/anpdi2-1024x640.jpg.webp 1024w, https:\/\/brigatafolgore.b-cdn.net\/wp-content\/uploads\/2026\/01\/anpdi2-300x187.jpg.webp 300w, https:\/\/brigatafolgore.b-cdn.net\/wp-content\/uploads\/2026\/01\/anpdi2-768x480.jpg.webp 768w, https:\/\/brigatafolgore.b-cdn.net\/wp-content\/uploads\/2026\/01\/anpdi2-18x12.jpg.webp 18w, https:\/\/brigatafolgore.b-cdn.net\/wp-content\/uploads\/2026\/01\/anpdi2.jpg.webp 1281w\" sizes=\"(max-width: 1024px) 100vw, 1024px\" type=\"image\/webp\"><img fetchpriority=\"high\" decoding=\"async\" width=\"1024\" height=\"640\" src=\"https:\/\/brigatafolgore.net\/wp-content\/uploads\/2026\/01\/anpdi2-1024x640.jpg\" alt=\"80 anni di fervente identit\u00e0: l'Associazione Nazionale Paracadutisti d\u2019Italia tra memoria e continuit\u00e0 (1956\u20132026) - brigatafolgore.net\" class=\"wp-image-28794 webpexpress-processed\" srcset=\"https:\/\/brigatafolgore.b-cdn.net\/wp-content\/uploads\/2026\/01\/anpdi2-1024x640.jpg 1024w, https:\/\/brigatafolgore.b-cdn.net\/wp-content\/uploads\/2026\/01\/anpdi2-300x187.jpg 300w, https:\/\/brigatafolgore.b-cdn.net\/wp-content\/uploads\/2026\/01\/anpdi2-768x480.jpg 768w, https:\/\/brigatafolgore.b-cdn.net\/wp-content\/uploads\/2026\/01\/anpdi2-18x12.jpg 18w, https:\/\/brigatafolgore.b-cdn.net\/wp-content\/uploads\/2026\/01\/anpdi2.jpg 1281w\" sizes=\"(max-width: 1024px) 100vw, 1024px\"><\/picture><figcaption class=\"wp-element-caption\">Non \u00e8 solo memoria: l\u2019A.N.P.d\u2019I. \u00e8 comunit\u00e0, continuit\u00e0 e tradizione viva che unisce generazioni di paracadutisti &#8211; Copyright WWW.ASSOPAR.IT<\/figcaption><\/figure>\n\n\n\n<h2 class=\"wp-block-heading\">Presenza sociale intesa non come visibilit\u00e0, ma come responsabilit\u00e0<\/h2>\n\n\n\n<p>C\u2019\u00e8 poi un aspetto spesso sottovalutato: l\u2019A.N.P.d\u2019I. \u00e8 <strong>presenza sociale<\/strong>. Lo \u00e8 quando affianca iniziative di protezione civile, quando sostiene i soci in difficolt\u00e0, quando investe in borse di studio, quando pubblica e diffonde cultura storica e tecnica attraverso la rivista <em>Folgore<\/em> e il sito ufficiale (<a href=\"https:\/\/www.assopar.it\" target=\"_blank\" rel=\"noreferrer noopener\">www.assopar.it<\/a>).<\/p>\n\n\n\n<p>\u00c8 il modo con cui l\u2019etica del servizio continua a produrre effetti concreti, lontano dai riflettori.<\/p>\n\n\n\n<p>Oggi l\u2019Associazione \u00e8 guidata da <strong>Marco Bertolini<\/strong>, Generale di Corpo d\u2019Armata (aus.), Paracadutista Incursore.<\/p>\n\n\n\n<p><strong>Una guida che incarna il filo diretto tra esperienza operativa, rispetto delle istituzioni e consapevolezza del ruolo culturale che un\u2019Associazione d\u2019Arma deve avere nel presente e nel futuro.<\/strong><\/p>\n\n\n\n<pre class=\"wp-block-verse\">Iscriversi all\u2019A.N.P.d\u2019I. nel suo ottantesimo anniversario non \u00e8 un gesto formale. \u00c8 una <strong>scelta di responsabilit\u00e0<\/strong>. Significa riconoscere che l\u2019identit\u00e0 paracadutista non \u00e8 confinata al passato, ma vive nel modo in cui si sta nella societ\u00e0: con misura, con lealt\u00e0, con senso del dovere.<\/pre>\n\n\n\n<p>L\u2019A.N.P.d\u2019I. non \u00e8 solo il collante tra i Paracadutisti di ieri e quelli di oggi; \u00e8 anche l\u2019Associazione, l&#8217;unica, che <strong>tiene vivo, nella vita civile, il significato profondo dell\u2019essere Paracadutista Italiano<\/strong>.<\/p>\n\n\n\n<p>Ottant\u2019anni dopo la sua nascita, il valore dell\u2019A.N.P.d\u2019I. si misura cos\u00ec: nella <strong>continuit\u00e0<\/strong> pi\u00f9 che nel rumore, nell\u2019<strong>esempio<\/strong> pi\u00f9 che nella retorica.<\/p>","protected":false},"excerpt":{"rendered":"<p>L\u2019A.N.P.d\u2019I. ha appena compiuto 80 anni dalla sua nascita. Non \u00e8 una ricorrenza qualunque: \u00e8 una misura del tempo necessaria per capire se un\u2019idea \u00e8 davvero solida, utile, viva. In ottant\u2019anni l\u2019Associazione non ha semplicemente \u201cresistito\u201d; ha tenuto insieme persone, valori, memoria e futuro del Paracadutismo Italiano, anche quando il contesto sociale, politico e militare [&hellip;]<\/p>","protected":false},"author":2,"featured_media":28783,"comment_status":"open","ping_status":"open","sticky":false,"template":"","format":"standard","meta":{"_acf_changed":false,"_sitemap_exclude":false,"_sitemap_priority":"","_sitemap_frequency":"","footnotes":""},"categories":[2893],"tags":[85,53,81],"sgg_keywords":[],"class_list":["post-28778","post","type-post","status-publish","format-standard","has-post-thumbnail","hentry","category-aviotruppe","tag-anpdi","tag-folgore","tag-paracadutisti"],"acf":[],"_links":{"self":[{"href":"https:\/\/brigatafolgore.net\/en\/wp-json\/wp\/v2\/posts\/28778","targetHints":{"allow":["GET"]}}],"collection":[{"href":"https:\/\/brigatafolgore.net\/en\/wp-json\/wp\/v2\/posts"}],"about":[{"href":"https:\/\/brigatafolgore.net\/en\/wp-json\/wp\/v2\/types\/post"}],"author":[{"embeddable":true,"href":"https:\/\/brigatafolgore.net\/en\/wp-json\/wp\/v2\/users\/2"}],"replies":[{"embeddable":true,"href":"https:\/\/brigatafolgore.net\/en\/wp-json\/wp\/v2\/comments?post=28778"}],"version-history":[{"count":36,"href":"https:\/\/brigatafolgore.net\/en\/wp-json\/wp\/v2\/posts\/28778\/revisions"}],"predecessor-version":[{"id":28824,"href":"https:\/\/brigatafolgore.net\/en\/wp-json\/wp\/v2\/posts\/28778\/revisions\/28824"}],"wp:featuredmedia":[{"embeddable":true,"href":"https:\/\/brigatafolgore.net\/en\/wp-json\/wp\/v2\/media\/28783"}],"wp:attachment":[{"href":"https:\/\/brigatafolgore.net\/en\/wp-json\/wp\/v2\/media?parent=28778"}],"wp:term":[{"taxonomy":"category","embeddable":true,"href":"https:\/\/brigatafolgore.net\/en\/wp-json\/wp\/v2\/categories?post=28778"},{"taxonomy":"post_tag","embeddable":true,"href":"https:\/\/brigatafolgore.net\/en\/wp-json\/wp\/v2\/tags?post=28778"},{"taxonomy":"sgg_keywords","embeddable":true,"href":"https:\/\/brigatafolgore.net\/en\/wp-json\/wp\/v2\/sgg_keywords?post=28778"}],"curies":[{"name":"wp","href":"https:\/\/api.w.org\/{rel}","templated":true}]}}