{"id":28411,"date":"2026-01-16T16:13:58","date_gmt":"2026-01-16T15:13:58","guid":{"rendered":"https:\/\/brigatafolgore.net\/?p=28411"},"modified":"2026-01-18T15:59:01","modified_gmt":"2026-01-18T14:59:01","slug":"gen-mandolesi-arf-pronta-a-intervenire-forze-nato-in-movimento-a-steadfast-dart-26","status":"publish","type":"post","link":"https:\/\/brigatafolgore.net\/en\/gen-mandolesi-arf-pronta-a-intervenire-forze-nato-in-movimento-a-steadfast-dart-26\/","title":{"rendered":"Gen. Mandolesi: ARF pronta a intervenire \u2014 Forze NATO in movimento a STEADFAST DART 26"},"content":{"rendered":"<p id=\"h-\">Questa mattina le prime truppe italiane del <strong>NATO Rapid Deployable Corps \u2013 Italy (NRDC-ITA)<\/strong> sono sbarcate nel porto di <strong>Emden<\/strong>, in Germania, nell\u2019ambito dell\u2019<strong>Esercizio STEADFAST DART 26<\/strong>. L\u2019arrivo segna l\u2019avvio \u201cvisibile\u201d delle attivit\u00e0 sul territorio tedesco, con mezzi e materiali che iniziano a muoversi lungo gli assi logistici verso le aree addestrative. <\/p>\n\n\n\n<p>Secondo il Comando operativo NATO di <strong>Joint Force Command Brunssum (JFCBS)<\/strong>, si tratta del <strong>primo impiego in tempo di pace su vasta scala<\/strong> of <strong>Allied Reaction Force (ARF)<\/strong> all\u2019interno della propria Area of Responsibility: un messaggio concreto, fatto di ruote che girano e catene logistiche che lavorano, pi\u00f9 che di slogan. <\/p>\n\n\n\n<h2 class=\"wp-block-heading\" id=\"h-emden-porta-d-ingresso-della-prontezza\">Emden, porta d\u2019ingresso della \u201cprontezza\u201d<\/h2>\n\n\n\n<p>Nel porto della Bassa Sassonia, convogli di camion militari, veicoli tattici e mezzi di supporto sono stati scaricati da una nave cargo, dando il via alla fase di rischieramento. Media tedeschi riportano che l\u2019operazione coinvolge <strong>migliaia di soldati<\/strong> e una massa significativa di equipaggiamenti, con la Germania nel ruolo di <strong>nazione ospitante<\/strong> e <strong>hub logistico<\/strong>. <\/p>\n\n\n\n<p>L\u2019impostazione dell\u2019esercitazione \u00e8 volutamente realistica: oltre ai trasporti via mare, sono previsti <strong>movimenti via terra in convoglio<\/strong> e <strong>trasporti aerei<\/strong>, per testare tempi, procedure e coordinamento multinazionale lungo l\u2019intera catena \u201cdal porto al teatro\u201d. <\/p>\n\n\n\n<figure class=\"wp-block-embed is-type-video is-provider-youtube wp-block-embed-youtube wp-embed-aspect-16-9 wp-has-aspect-ratio\"><div class=\"wp-block-embed__wrapper\">\n<iframe title=\"STEADFAST DART 26\" width=\"640\" height=\"360\" src=\"https:\/\/www.youtube.com\/embed\/sM5z5bs9fYY?feature=oembed\" frameborder=\"0\" allow=\"accelerometer; autoplay; clipboard-write; encrypted-media; gyroscope; picture-in-picture; web-share\" referrerpolicy=\"strict-origin-when-cross-origin\" allowfullscreen><\/iframe>\n<\/div><\/figure>\n\n\n\n<h2 class=\"wp-block-heading\" id=\"h-come-un-vigile-del-fuoco-cos-e-l-arf\">\u201cCome un vigile del fuoco\u201d: cos\u2019\u00e8 l\u2019ARF<\/h2>\n\n\n\n<p>Ad accogliere i militari italiani a Emden \u00e8 stato il <strong> Generale Nicola Mandolesi<\/strong>, DCOS Support del JFC Brunssum, che ha sintetizzato cos\u00ec il senso della forza:<\/p>\n\n\n\n<blockquote class=\"wp-block-quote is-layout-flow wp-block-quote-is-layout-flow\">\n<p>\u201cL\u2019ARF \u00e8 la capacit\u00e0 di risposta alle emergenze della NATO \u2014 come un vigile del fuoco, una cassetta degli attrezzi pronta a rispondere immediatamente, ovunque emerga una crisi.\u201d <\/p>\n<\/blockquote>\n\n\n\n<p>L'<strong>Allied Reaction Force<\/strong> \u00e8 una capacit\u00e0 ad <strong>alta prontezza<\/strong>, pensata per essere <strong>multinazionale e multidominio<\/strong>. In ambito NATO, l\u2019ARF ha preso il posto della precedente NATO Response Force (NRF) nel quadro del nuovo modello di forze, con l\u2019obiettivo di garantire risposta rapida e integrazione operativa tra componenti terrestri, aeree e marittime.<\/p>\n\n\n\n<p>Sul versante italiano, NRDC-ITA \u2014 nel ruolo di comando ARF \u2014 ha parallelamente condotto attivit\u00e0 di aggiornamento e verifica delle procedure di <strong>Command &amp; Control<\/strong> in preparazione a STEADFAST DART 26, con esercitazioni mirate a \u201cvalidare\u201d processi e sincronizzazione tra comandi componenti. <\/p>\n\n\n\n<figure class=\"wp-block-image size-large\"><picture><source srcset=\"https:\/\/brigatafolgore.b-cdn.net\/wp-content\/uploads\/2026\/01\/foto-by-weinrich.jpg.webp\" type=\"image\/webp\"><img decoding=\"async\" title=\"Gen. Mandolesi: ARF pronta a intervenire \u2014 Forze NATO in movimento a STEADFAST DART 26\" src=\"https:\/\/brigatafolgore.b-cdn.net\/wp-content\/uploads\/2026\/01\/foto-by-weinrich.jpg\" alt=\"Gen. Mandolesi: ARF pronta a intervenire \u2014 Forze NATO in movimento a STEADFAST DART 26\" class=\"wp-image-14321 webpexpress-processed\"><\/picture><figcaption class=\"wp-element-caption\">Gen. Mandolesi: ARF pronta a intervenire \u2014 Forze NATO in movimento a STEADFAST DART 26<\/figcaption><\/figure>\n\n\n\n<h2 class=\"wp-block-heading\" id=\"h-numeri-e-paesi-coinvolti-un-dispiegamento-europeo-a-vista\">Numeri e paesi coinvolti: un dispiegamento europeo \u201ca vista\u201d<\/h2>\n\n\n\n<p>La scala \u00e8 uno degli elementi-chiave dell\u2019esercitazione: fonti tedesche parlano di circa <strong>10.000 militari<\/strong> e <strong>oltre 1.500 veicoli<\/strong>, con impiego anche di <strong>aeromobili<\/strong> e <strong>unit\u00e0 navali<\/strong>. Partecipano <strong>undici Paesi NATO<\/strong> (tra cui Italia, Germania, Regno Unito, Francia, Spagna, Grecia e altri alleati europei), mentre <strong>gli Stati Uniti non risultano tra i partecipanti<\/strong> a questa specifica attivit\u00e0. <\/p>\n\n\n\n<p>Le fasi addestrative principali sono previste in Germania, con attivit\u00e0 segnalate nell\u2019area del <strong>Truppen\u00fcbungsplatz Bergen<\/strong> (Bassa Sassonia) e in <strong>Schleswig-Holstein<\/strong> (tra cui l\u2019area di Putlos e la zona di Kiel), a conferma della centralit\u00e0 tedesca come piattaforma di transito e come spazio operativo per l\u2019addestramento. <\/p>\n\n\n\n<h2 class=\"wp-block-heading\" id=\"h-prontezza-resa-visibile\">Prontezza resa visibile<\/h2>\n\n\n\n<p>STEADFAST DART 26 punta a dimostrare \u2014 e non solo dichiarare \u2014 che l\u2019Europa pu\u00f2 <strong>schierare, sostenere e integrare<\/strong> forze ad alta prontezza \u201ca velocit\u00e0 e scala\u201d adeguate a uno scenario reale: migliaia di mezzi su strada, rotazioni portuali, flussi ferroviari e aerei, interoperabilit\u00e0 tra lingue, standard e procedure. <\/p>\n\n\n\n<p>Perch\u00e9, quando la deterrenza \u00e8 credibile, spesso lo \u00e8 anche perch\u00e9 \u00e8 <strong>visibile<\/strong>.<\/p>\n\n\n\n<p><\/p>\n\n<div style=\"    margin-top: 24px;    padding: 12px 16px;    border-left: 3px solid #6B1D3A;    background-color: #f9f5f6;    border-radius: 0 6px 6px 0;\">\n    <p style=\"        margin: 0;        font-size: 13px;        color: #6b6b6b;        line-height: 1.5;    \">\n        <strong style=\"color: #4A1228;\">Source:<\/strong>\n        <a href=\"https:\/\/nrdc-ita.nato.int\/newsroom\/news-archive\/2026\/nrdcita-conducts-arf-monthly-study-day-and-rock-drill-in-support-of-steadfast-dart-26\"\n           style=\"color: #6B1D3A; text-decoration: underline;\"\n           target=\"_blank\"\n           rel=\"noopener noreferrer\">nrdc-ita.nato.int\/newsroom\/news-archive\/2026\/nrdcita-conducts-arf-monthly-study-day-and-rock-drill-in-support-of-steadfast-dart-26<\/a>\n    <\/p>\n<\/div>","protected":false},"excerpt":{"rendered":"<p>Questa mattina le prime truppe italiane del NATO Rapid Deployable Corps \u2013 Italy (NRDC-ITA) sono sbarcate nel porto di Emden, in Germania, nell\u2019ambito dell\u2019Esercizio STEADFAST DART 26. L\u2019arrivo segna l\u2019avvio \u201cvisibile\u201d delle attivit\u00e0 sul territorio tedesco, con mezzi e materiali che iniziano a muoversi lungo gli assi logistici verso le aree addestrative. Secondo il Comando [&hellip;]<\/p>","protected":false},"author":2,"featured_media":28414,"comment_status":"open","ping_status":"open","sticky":false,"template":"","format":"standard","meta":{"_acf_changed":false,"_sitemap_exclude":false,"_sitemap_priority":"","_sitemap_frequency":"","footnotes":""},"categories":[243],"tags":[1559,63,1946,3233],"sgg_keywords":[],"class_list":["post-28411","post","type-post","status-publish","format-standard","has-post-thumbnail","hentry","category-internazionali","tag-arf-2025","tag-nato","tag-nato-allied-reaction-force","tag-steadfastdart26"],"acf":[],"_links":{"self":[{"href":"https:\/\/brigatafolgore.net\/en\/wp-json\/wp\/v2\/posts\/28411","targetHints":{"allow":["GET"]}}],"collection":[{"href":"https:\/\/brigatafolgore.net\/en\/wp-json\/wp\/v2\/posts"}],"about":[{"href":"https:\/\/brigatafolgore.net\/en\/wp-json\/wp\/v2\/types\/post"}],"author":[{"embeddable":true,"href":"https:\/\/brigatafolgore.net\/en\/wp-json\/wp\/v2\/users\/2"}],"replies":[{"embeddable":true,"href":"https:\/\/brigatafolgore.net\/en\/wp-json\/wp\/v2\/comments?post=28411"}],"version-history":[{"count":1,"href":"https:\/\/brigatafolgore.net\/en\/wp-json\/wp\/v2\/posts\/28411\/revisions"}],"predecessor-version":[{"id":28415,"href":"https:\/\/brigatafolgore.net\/en\/wp-json\/wp\/v2\/posts\/28411\/revisions\/28415"}],"wp:featuredmedia":[{"embeddable":true,"href":"https:\/\/brigatafolgore.net\/en\/wp-json\/wp\/v2\/media\/28414"}],"wp:attachment":[{"href":"https:\/\/brigatafolgore.net\/en\/wp-json\/wp\/v2\/media?parent=28411"}],"wp:term":[{"taxonomy":"category","embeddable":true,"href":"https:\/\/brigatafolgore.net\/en\/wp-json\/wp\/v2\/categories?post=28411"},{"taxonomy":"post_tag","embeddable":true,"href":"https:\/\/brigatafolgore.net\/en\/wp-json\/wp\/v2\/tags?post=28411"},{"taxonomy":"sgg_keywords","embeddable":true,"href":"https:\/\/brigatafolgore.net\/en\/wp-json\/wp\/v2\/sgg_keywords?post=28411"}],"curies":[{"name":"wp","href":"https:\/\/api.w.org\/{rel}","templated":true}]}}