{"id":21235,"date":"2025-07-03T11:38:38","date_gmt":"2025-07-03T10:38:38","guid":{"rendered":"https:\/\/brigatafolgore.net\/?p=21235"},"modified":"2025-12-08T15:17:16","modified_gmt":"2025-12-08T14:17:16","slug":"alghero-vandalizzato-il-momuneto-dedicato-ai-paracadutisti-di-el-alamein","status":"publish","type":"post","link":"https:\/\/brigatafolgore.net\/en\/alghero-vandalizzato-il-momuneto-dedicato-ai-paracadutisti-di-el-alamein\/","title":{"rendered":"Alghero, the monument dedicated to the Paratroopers of El Alamein vandalised"},"content":{"rendered":"<p>ALGHERO \u2013 Ancora una volta l\u2019ignoranza e l\u2019odio hanno preso di mira un simbolo di coraggio e sacrificio. A pochi giorni dalla sua inaugurazione ufficiale, <a href=\"https:\/\/brigatafolgore.net\/en\/alghero-rende-onore-ai-leoni-della-folgore-inaugurato-il-monumento-ai-caduti-di-el-alamein\/\">il monumento dedicato ai Paracadutisti caduti nella battaglia di El Alamein<\/a> presso i giardini Lepanto-Cecchini di Alghero \u00e8 stato vigliaccamente imbrattato da ignoti con una scritta con un pennarello sulla targa in marmo, posta ia piedi del monumento, nel tentativo di infangare la memoria di chi ha servito con disciplina e dedizione la nostra Nazione.<\/p>\n\n\n\n<p>Non \u00e8 la prima volta che l\u2019opera finisce nel mirino. Nel settembre 2024, ancora prima dell\u2019inaugurazione ufficiale, <a href=\"https:\/\/www.algheronotizie.com\/contenuto\/0\/11\/584490\/vandalizzato-il-monumento-ai-paracadutisti-di-alghero-un-affronto-alla-memoria\" target=\"_blank\" rel=\"noreferrer noopener\">il monumento fu oggetto di un grave atto vandalico<\/a>: ignoti tentarono di danneggiare la scultura cercando di staccare un dito della statua. All\u2019epoca l\u2019Onorevole Mauro Rotelli lo boll\u00f2 come <em>\u201cun atto ignobile contro una pagina eroica della nostra storia\u201d<\/em>. La statua venne restaurata con determinazione, senza cedere alla provocazione, e inaugurata ufficialmente lo scorso 21 giugno 2025.<\/p>\n\n\n\n<p>La cerimonia di inaugurazione aveva visto la partecipazione di numerose autorit\u00e0 civili e militari, tra cui il <strong>Sindaco di Alghero Raimondo Cacciotto, l\u2019Onorevole Paola Chiesa, il Presidente Nazionale A.N.P.d&#8217;I. Generale Marco Bertolini e Luisella Caria<\/strong>, sorella del Sergente Maggiore Sabotatore Paracadutista Giannino Caria, Medaglia d\u2019Oro al Valor Militare alla memoria, caduto nel 1971 durante l\u2019<a href=\"https:\/\/brigatafolgore.net\/en\/9-november-1971-the-chalk-drama-4\/\">operazione di recupero delle salme dei caduti alla Meloria<\/a>.<\/p>\n\n\n\n<p>Durissimo <strong>Alessio Auriemma, vicecoordinatore cittadino di Fratelli d\u2019Italia Alghero<\/strong>: <em>\u201cIl monumento dovrebbe unire e ricordare. Invece, sopra \u00e8 comparsa la solita scritta vergognosa, diretta ai paracadutisti della Folgore. Un gesto vile, consumato nella notte da chi non ha nemmeno il coraggio di sostenere le proprie idee mettendoci la faccia. Non sar\u00e0 certo qualche scarabocchio a scalfire l\u2019onore della Folgore, n\u00e9 quello di tutte le Forze Armate italiane, che ogni giorno, spesso nel silenzio, servono la Nazione con disciplina e onore.\u201d<\/em><\/p>\n\n\n\n<p>Oggi, a fronte di quest\u2019ennesimo atto vile, \u00e8 dovere di tutti condannare con forza simili gesti. <strong>Custodire la memoria di chi ha sacrificato tutto per la Patria \u00e8 un dovere civico che va oltre ogni appartenenza politica o ideologica. Ogni attacco a simboli come questo \u00e8 un\u2019offesa non solo ai paracadutisti della Folgore, ma all\u2019intera comunit\u00e0 nazionale. \u00c8 compito di tutti, cittadini e istituzioni, vigilare affinch\u00e9 il rispetto per la storia e per coloro che hanno servito la Nazione resti un valore inalienabile.<\/strong><\/p>","protected":false},"excerpt":{"rendered":"<p>ALGHERO \u2013 Ancora una volta l\u2019ignoranza e l\u2019odio hanno preso di mira un simbolo di coraggio e sacrificio. A pochi giorni dalla sua inaugurazione ufficiale, il monumento dedicato ai Paracadutisti caduti nella battaglia di El Alamein presso i giardini Lepanto-Cecchini di Alghero \u00e8 stato vigliaccamente imbrattato da ignoti con una scritta con un pennarello sulla [&hellip;]<\/p>","protected":false},"author":2,"featured_media":21236,"comment_status":"open","ping_status":"open","sticky":false,"template":"","format":"standard","meta":{"_acf_changed":false,"_sitemap_exclude":false,"_sitemap_priority":"","_sitemap_frequency":"","footnotes":""},"categories":[2893],"tags":[1768,53,1770],"sgg_keywords":[],"class_list":["post-21235","post","type-post","status-publish","format-standard","has-post-thumbnail","hentry","category-aviotruppe","tag-elalamein","tag-folgore","tag-monumentoalghero"],"acf":[],"_links":{"self":[{"href":"https:\/\/brigatafolgore.net\/en\/wp-json\/wp\/v2\/posts\/21235","targetHints":{"allow":["GET"]}}],"collection":[{"href":"https:\/\/brigatafolgore.net\/en\/wp-json\/wp\/v2\/posts"}],"about":[{"href":"https:\/\/brigatafolgore.net\/en\/wp-json\/wp\/v2\/types\/post"}],"author":[{"embeddable":true,"href":"https:\/\/brigatafolgore.net\/en\/wp-json\/wp\/v2\/users\/2"}],"replies":[{"embeddable":true,"href":"https:\/\/brigatafolgore.net\/en\/wp-json\/wp\/v2\/comments?post=21235"}],"version-history":[{"count":0,"href":"https:\/\/brigatafolgore.net\/en\/wp-json\/wp\/v2\/posts\/21235\/revisions"}],"wp:featuredmedia":[{"embeddable":true,"href":"https:\/\/brigatafolgore.net\/en\/wp-json\/wp\/v2\/media\/21236"}],"wp:attachment":[{"href":"https:\/\/brigatafolgore.net\/en\/wp-json\/wp\/v2\/media?parent=21235"}],"wp:term":[{"taxonomy":"category","embeddable":true,"href":"https:\/\/brigatafolgore.net\/en\/wp-json\/wp\/v2\/categories?post=21235"},{"taxonomy":"post_tag","embeddable":true,"href":"https:\/\/brigatafolgore.net\/en\/wp-json\/wp\/v2\/tags?post=21235"},{"taxonomy":"sgg_keywords","embeddable":true,"href":"https:\/\/brigatafolgore.net\/en\/wp-json\/wp\/v2\/sgg_keywords?post=21235"}],"curies":[{"name":"wp","href":"https:\/\/api.w.org\/{rel}","templated":true}]}}