{"id":19217,"date":"2025-05-21T13:27:14","date_gmt":"2025-05-21T12:27:14","guid":{"rendered":"https:\/\/brigatafolgore.net\/?p=19217"},"modified":"2025-05-21T13:27:19","modified_gmt":"2025-05-21T12:27:19","slug":"il-generale-portolano-per-la-difesa-serve-capacita-di-spesa-e-capacita-di-produzione","status":"publish","type":"post","link":"https:\/\/brigatafolgore.net\/en\/il-generale-portolano-per-la-difesa-serve-capacita-di-spesa-e-capacita-di-produzione\/","title":{"rendered":"Il Generale Portolano: per la Difesa serve capacit\u00e0 di spesa e capacit\u00e0 di produzione."},"content":{"rendered":"<p>Il quadro geopolitico e strategico internazionale sta attraversando un periodo di trasformazioni radicali. <strong>Le sfide alla sicurezza europea sono sempre pi\u00f9 evidenti, e l&#8217;Italia, come parte integrante della NATO e dell&#8217;Unione Europea, si trova a dover affrontare diverse problematiche legate al rafforzamento delle proprie capacit\u00e0 difensive.<\/strong> A queste difficolt\u00e0 si aggiungono le carenze nei munizionamenti e le crescenti minacce provenienti dall&#8217;est, in particolare dalla Russia. In un contesto internazionale dove il conflitto in Ucraina ha accelerato l&#8217;esigenza di un maggiore impegno da parte delle forze alleate,<strong> <\/strong><a href=\"https:\/\/brigatafolgore.net\/en\/general-c-a-luciano-antonio-portolano-appointed-new-chief-of-defence-staff\/\">il Capo di Stato Maggiore della Difesa, generale Luciano Portolano<\/a><strong>, ha sollevato preoccupazioni cruciali <\/strong>durante la sua audizione del 21 maggio 2025 davanti alla <a href=\"https:\/\/webtv.camera.it\/evento\/28143\" rel=\"noopener\">Commissione Difesa della Camera dei Deputati<\/a>. Nel corso di questo intervento, Portolano ha fatto il punto della situazione riguardo la difesa nazionale, le problematiche delle scorte di munizioni e la necessit\u00e0 di una maggiore capacit\u00e0 di produzione, nonch\u00e9 la sfida di creare una difesa europea integrata, complementare a quella della NATO.<\/p>\n\n\n\n<figure class=\"wp-block-image size-full is-resized\"><picture><source srcset=\"https:\/\/brigatafolgore.b-cdn.net\/wp-content\/uploads\/2025\/05\/1-4-e1747829813737.jpg.webp 640w, https:\/\/brigatafolgore.b-cdn.net\/wp-content\/uploads\/2025\/05\/1-4-e1747829813737-300x198.jpg.webp 300w, https:\/\/brigatafolgore.b-cdn.net\/wp-content\/uploads\/2025\/05\/1-4-e1747829813737-18x12.jpg.webp 18w\" sizes=\"(max-width: 640px) 100vw, 640px\" type=\"image\/webp\"><img fetchpriority=\"high\" decoding=\"async\" width=\"640\" height=\"423\" title=\"Il Generale Portolano: per la Difesa serve capacit\u00e0 di spesa e capacit\u00e0 di produzione. - brigatafolgore.net\" src=\"https:\/\/brigatafolgore.net\/wp-content\/uploads\/2025\/05\/1-4-e1747829813737.jpg\" alt=\"Il Generale Portolano: per la Difesa serve capacit\u00e0 di spesa e capacit\u00e0 di produzione. - brigatafolgore.net\" class=\"wp-image-19223 webpexpress-processed\" style=\"aspect-ratio:4\/3;object-fit:cover;width:1200px\" srcset=\"https:\/\/brigatafolgore.b-cdn.net\/wp-content\/uploads\/2025\/05\/1-4-e1747829813737.jpg 640w, https:\/\/brigatafolgore.b-cdn.net\/wp-content\/uploads\/2025\/05\/1-4-e1747829813737-300x198.jpg 300w, https:\/\/brigatafolgore.b-cdn.net\/wp-content\/uploads\/2025\/05\/1-4-e1747829813737-18x12.jpg 18w\" sizes=\"(max-width: 640px) 100vw, 640px\"><\/picture><figcaption class=\"wp-element-caption\">Il Generale Portolano: per la Difesa serve capacit\u00e0 di spesa e capacit\u00e0 di produzione. &#8211; brigatafolgore.net<\/figcaption><\/figure>\n\n\n\n<h2 class=\"wp-block-heading\">Le Carenze Nelle Munizioni<\/h2>\n\n\n\n<p>Uno degli argomenti principali trattati dal generale Portolano riguarda <strong>le carenze nelle scorte di munizioni, un problema che sta diventando sempre pi\u00f9 urgente. <\/strong>A causa del sostegno continuativo dell\u2019Italia all\u2019Ucraina, le scorte nazionali sono state ridotte, creando un &#8220;gap&#8221; significativo nelle riserve strategiche di munizionamento. Portolano ha sottolineato come questo fenomeno non sia unicamente un problema italiano, ma una difficolt\u00e0 che coinvolge tutti i membri della NATO. Il conflitto in Ucraina, che ha visto un forte coinvolgimento delle forze armate italiane e delle altre nazioni alleate, ha intaccato le scorte militari nazionali, mettendo in evidenza la vulnerabilit\u00e0 di una strategia di difesa che si basa su riserve limitate.<\/p>\n\n\n\n<p>Secondo Portolano, il processo per colmare questa lacuna non sar\u00e0 rapido e dipende da due fattori determinanti: <strong>la capacit\u00e0 di spesa e la capacit\u00e0 di produzione. <\/strong>La spesa per l&#8217;acquisto di nuovi munizionamenti \u00e8 una delle principali leve, ma ancora pi\u00f9 importante \u00e8 la capacit\u00e0 delle aziende di produzione di fornire i quantitativi necessari in tempi brevi. La produzione di munizionamenti deve essere scalata per far fronte alla domanda, ed \u00e8 qui che si trova la difficolt\u00e0 principale. Il generale ha evidenziato che la combinazione di risorse finanziarie e la capacit\u00e0 industriale delle aziende produttrici determiner\u00e0 quanto tempo sar\u00e0 necessario per ripristinare le scorte.<\/p>\n\n\n\n<figure class=\"wp-block-image size-large\"><picture><source srcset=\"https:\/\/brigatafolgore.b-cdn.net\/wp-content\/uploads\/2025\/04\/QT5XTWMXPFD3DAV3TCZ5KGK22E-1024x683.jpg.webp 1024w, https:\/\/brigatafolgore.b-cdn.net\/wp-content\/uploads\/2025\/04\/QT5XTWMXPFD3DAV3TCZ5KGK22E-300x200.jpg.webp 300w, https:\/\/brigatafolgore.b-cdn.net\/wp-content\/uploads\/2025\/04\/QT5XTWMXPFD3DAV3TCZ5KGK22E-768x512.jpg.webp 768w, https:\/\/brigatafolgore.b-cdn.net\/wp-content\/uploads\/2025\/04\/QT5XTWMXPFD3DAV3TCZ5KGK22E-1536x1025.jpg.webp 1536w\" sizes=\"(max-width: 1024px) 100vw, 1024px\" type=\"image\/webp\"><img decoding=\"async\" width=\"1024\" height=\"683\" title=\"Il Generale Portolano: per la Difesa serve capacit\u00e0 di spesa e capacit\u00e0 di produzione. - brigatafolgore.net\" src=\"https:\/\/brigatafolgore.net\/wp-content\/uploads\/2025\/04\/QT5XTWMXPFD3DAV3TCZ5KGK22E-1024x683.jpg\" alt=\"Putin announces new submarines despite industry tensions - brigadefolgore.net\" class=\"wp-image-16206 webpexpress-processed\" srcset=\"https:\/\/brigatafolgore.b-cdn.net\/wp-content\/uploads\/2025\/04\/QT5XTWMXPFD3DAV3TCZ5KGK22E-1024x683.jpg 1024w, https:\/\/brigatafolgore.b-cdn.net\/wp-content\/uploads\/2025\/04\/QT5XTWMXPFD3DAV3TCZ5KGK22E-300x200.jpg 300w, https:\/\/brigatafolgore.b-cdn.net\/wp-content\/uploads\/2025\/04\/QT5XTWMXPFD3DAV3TCZ5KGK22E-768x512.jpg 768w, https:\/\/brigatafolgore.b-cdn.net\/wp-content\/uploads\/2025\/04\/QT5XTWMXPFD3DAV3TCZ5KGK22E-1536x1025.jpg 1536w\" sizes=\"(max-width: 1024px) 100vw, 1024px\"><\/picture><figcaption class=\"wp-element-caption\">Nuovi sottomarini russi &#8211; brigatafolgore.net<\/figcaption><\/figure>\n\n\n\n<h2 class=\"wp-block-heading\">Le Minacce Provenienti dal Fianco Est della NATO<\/h2>\n\n\n\n<p>Un altro tema cruciale sollevato dal generale riguarda la minaccia in crescita lungo il fianco est della NATO. <strong>Portolano ha espresso una forte preoccupazione per l&#8217;accelerazione della capacit\u00e0 militare della Russia<\/strong>, che sta ricostituendo rapidamente le proprie forze armate nonostante le perdite sul campo in Ucraina. La NATO, infatti, si trova a dover fronteggiare una Russia che ha ampliato la sua forza militare convenzionale a un ritmo molto pi\u00f9 rapido di quanto inizialmente previsto. Questo comportamento rappresenta un rischio crescente non solo per l&#8217;Europa, ma anche per la stabilit\u00e0 globale.<\/p>\n\n\n\n<p>Il conflitto in Ucraina ha infatti implicazioni di vasto respiro, poich\u00e9 coinvolge direttamente le grandi potenze mondiali e le loro politiche di sicurezza. La Russia, pur subendo perdite, sta non solo aumentando il numero delle sue forze, ma sta anche diversificando e modernizzando le sue capacit\u00e0 militari, con un forte impegno nel rafforzamento della sua difesa aerea e delle sue forze convenzionali. Questo scenario preoccupa enormemente le forze armate italiane, poich\u00e9 un simile incremento delle capacit\u00e0 militari russe potrebbe alterare gli equilibri di potere in Europa e minacciare la sicurezza della NATO, soprattutto nei paesi dell&#8217;Europa orientale.<\/p>\n\n\n\n<h2 class=\"wp-block-heading\">Le Sfide per la Difesa Europea: Una Struttura di Comando Inadeguata<\/h2>\n\n\n\n<p><strong>Portolano ha altres\u00ec discusso le difficolt\u00e0 che l&#8217;Europa affronta nel creare una difesa collettiva adeguata<\/strong>. La difesa dell\u2019Unione Europea, secondo il generale, \u00e8 limitata e frammentata. Sebbene esistano delle strutture di difesa che coinvolgono i 27 paesi membri dell&#8217;UE, queste sono estremamente limitate e non sufficientemente robuste per far fronte alle attuali minacce globali. <strong>La proposta di Portolano \u00e8 chiara<\/strong>: per rendere la difesa europea davvero efficace, \u00e8 necessario <strong>istituire una figura di &#8220;comandante unico europeo<\/strong>&#8220;, una posizione che diventi il punto di riferimento politico per la difesa del continente.<\/p>\n\n\n\n<p>Questa struttura di comando sarebbe complementare alla NATO, ma opererebbe con una maggiore autonomia all\u2019interno dell\u2019Unione Europea, riuscendo a rispondere in modo pi\u00f9 rapido ed efficace alle emergenze. In particolare, Portolano ha sottolineato che la NATO ha un sistema di comando e controllo collaudato e ben strutturato, ma l&#8217;Europa non ha una rete simile, n\u00e9 una strategia unificata di difesa. L\u2019Unione Europea ha una struttura di pianificazione e condotta, ma con capacit\u00e0 limitate, che non permettono di affrontare una minaccia su larga scala. Il generale ha suggerito che sarebbe necessario sviluppare una rete di informazioni classificate, che a livello europeo ancora non esiste, ma che \u00e8 fondamentale per una difesa integrata.<\/p>\n\n\n\n<figure class=\"wp-block-image size-large\"><picture><source srcset=\"https:\/\/brigatafolgore.b-cdn.net\/wp-content\/uploads\/2025\/05\/140708135749-israel-iron-dome-rocket-1024x576.jpg.webp 1024w, https:\/\/brigatafolgore.b-cdn.net\/wp-content\/uploads\/2025\/05\/140708135749-israel-iron-dome-rocket-300x169.jpg.webp 300w, https:\/\/brigatafolgore.b-cdn.net\/wp-content\/uploads\/2025\/05\/140708135749-israel-iron-dome-rocket-768x432.jpg.webp 768w, https:\/\/brigatafolgore.b-cdn.net\/wp-content\/uploads\/2025\/05\/140708135749-israel-iron-dome-rocket-18x10.jpg.webp 18w, https:\/\/brigatafolgore.b-cdn.net\/wp-content\/uploads\/2025\/05\/140708135749-israel-iron-dome-rocket.jpg.webp 1480w\" sizes=\"(max-width: 1024px) 100vw, 1024px\" type=\"image\/webp\"><img decoding=\"async\" width=\"1024\" height=\"576\" title=\"Il Generale Portolano: per la Difesa serve capacit\u00e0 di spesa e capacit\u00e0 di produzione. - brigatafolgore.net\" src=\"https:\/\/brigatafolgore.net\/wp-content\/uploads\/2025\/05\/140708135749-israel-iron-dome-rocket-1024x576.jpg\" alt=\"Il Generale Portolano: per la Difesa serve capacit\u00e0 di spesa e capacit\u00e0 di produzione. - brigatafolgore.net\" class=\"wp-image-19228 webpexpress-processed\" srcset=\"https:\/\/brigatafolgore.b-cdn.net\/wp-content\/uploads\/2025\/05\/140708135749-israel-iron-dome-rocket-1024x576.jpg 1024w, https:\/\/brigatafolgore.b-cdn.net\/wp-content\/uploads\/2025\/05\/140708135749-israel-iron-dome-rocket-300x169.jpg 300w, https:\/\/brigatafolgore.b-cdn.net\/wp-content\/uploads\/2025\/05\/140708135749-israel-iron-dome-rocket-768x432.jpg 768w, https:\/\/brigatafolgore.b-cdn.net\/wp-content\/uploads\/2025\/05\/140708135749-israel-iron-dome-rocket-18x10.jpg 18w, https:\/\/brigatafolgore.b-cdn.net\/wp-content\/uploads\/2025\/05\/140708135749-israel-iron-dome-rocket.jpg 1480w\" sizes=\"(max-width: 1024px) 100vw, 1024px\"><\/picture><figcaption class=\"wp-element-caption\">Il Generale Portolano: per la Difesa serve capacit\u00e0 di spesa e capacit\u00e0 di produzione. &#8211; brigatafolgore.net<\/figcaption><\/figure>\n\n\n\n<h2 class=\"wp-block-heading\">Il Mediterraneo Allargato: Una Rinnovata Centralit\u00e0<\/h2>\n\n\n\n<p>Un altro punto fondamentale nella visione del generale Portolano riguarda il ruolo strategico del Mediterraneo. Portolano ha enfatizzato che il Mediterraneo allargato sta assumendo una centralit\u00e0 crescente nelle strategie di difesa, non solo per la NATO, ma anche per la sicurezza dell&#8217;intero continente europeo. Questo mare, che rappresenta un crocevia di rotte commerciali vitali, \u00e8 divenuto un punto focale per gli interessi vitali e strategici della sicurezza europea, e in particolare per il fianco sud della NATO.<\/p>\n\n\n\n<p>Il Mediterraneo allargato, infatti, \u00e8 stato teatro di conflitti regionali che hanno ulteriormente destabilizzato l&#8217;area. Il generale ha ricordato che la presenza di attori autoritari come la Russia, ma anche l&#8217;Iran, ha reso necessario un impegno pi\u00f9 forte nella protezione di questo territorio, che non solo si interseca con importanti risorse energetiche, ma rappresenta anche una zona di potenziale contesa geopolitica.<\/p>\n\n\n\n<h2 class=\"wp-block-heading\">Le Soluzioni Proposte: Investimenti nella Difesa e nella Forza Lavoro<\/h2>\n\n\n\n<p>In risposta a queste sfide, Portolano ha proposto una serie di soluzioni per rafforzare la difesa italiana ed europea. In primo luogo, \u00e8 necessario un maggiore impegno nella modernizzazione delle forze armate italiane, non solo con l&#8217;adeguamento delle dotazioni organiche, ma anche con il rafforzamento delle capacit\u00e0 tecnologiche e industriali. Inoltre, il generale ha parlato della necessit\u00e0 di ringiovanire il personale militare, rendendo la carriera nelle forze armate un\u2019opzione pi\u00f9 attraente per i giovani, in modo da garantire una riserva di personale addestrato pronto per essere impiegato in tempo di pace, ma che possa anche rispondere alle necessit\u00e0 in tempi di crisi.<\/p>\n\n\n\n<p>Portolano ha concluso la sua audizione ribadendo che, in un contesto di crescente competizione globale, l\u2019<strong>Europa deve necessariamente rafforzare le proprie capacit\u00e0 difensive. <\/strong>La creazione di una difesa europea complementare a quella della NATO, l<strong>&#8216;istituzione di una struttura di comando unificata e la modernizzazione delle forze armate sono tutti passi essenziali per garantire che l&#8217;Europa possa affrontare le sfide future<\/strong>. Il Mediterraneo, come punto focale per la sicurezza europea, e la crescente centralit\u00e0 del fianco est della NATO richiedono un impegno continuo per la stabilit\u00e0 regionale e globale. L\u2019Italia, come membro attivo della NATO e dell&#8217;Unione Europea, ha un ruolo cruciale in questo processo di rafforzamento delle difese collettive, e Portolano ha sottolineato l&#8217;importanza di un impegno costante per garantire una sicurezza duratura per l&#8217;Europa e per il mondo intero.<\/p>\n\n\n\n<p>Link a Video Commissione Difesa: <a href=\"https:\/\/webtv.camera.it\/evento\/28143\" rel=\"noopener\">https:\/\/webtv.camera.it\/evento\/28143<\/a><\/p>\n\n\n\n<p><\/p>\n\n<div style=\"    margin-top: 24px;    padding: 12px 16px;    border-left: 3px solid #6B1D3A;    background-color: #f9f5f6;    border-radius: 0 6px 6px 0;\">\n    <p style=\"        margin: 0;        font-size: 13px;        color: #6b6b6b;        line-height: 1.5;    \">\n        <strong style=\"color: #4A1228;\">Source:<\/strong>\n        <a href=\"https:\/\/webtv.camera.it\/evento\/28143\"\n           style=\"color: #6B1D3A; text-decoration: underline;\"\n           target=\"_blank\"\n           rel=\"noopener noreferrer\">webtv.camera.it\/evento\/28143<\/a>\n    <\/p>\n<\/div>","protected":false},"excerpt":{"rendered":"<p>Il quadro geopolitico e strategico internazionale sta attraversando un periodo di trasformazioni radicali. Le sfide alla sicurezza europea sono sempre pi\u00f9 evidenti, e l&#8217;Italia, come parte integrante della NATO e dell&#8217;Unione Europea, si trova a dover affrontare diverse problematiche legate al rafforzamento delle proprie capacit\u00e0 difensive. A queste difficolt\u00e0 si aggiungono le carenze nei munizionamenti [&hellip;]<\/p>","protected":false},"author":2,"featured_media":19221,"comment_status":"open","ping_status":"open","sticky":false,"template":"","format":"standard","meta":{"_acf_changed":false,"_sitemap_exclude":false,"_sitemap_priority":"","_sitemap_frequency":"","footnotes":""},"categories":[54],"tags":[80,810,63,1312],"sgg_keywords":[],"class_list":["post-19217","post","type-post","status-publish","format-standard","has-post-thumbnail","hentry","category-nazionali","tag-difesa","tag-munizioni","tag-nato","tag-sicurezzaeuropea"],"acf":[],"_links":{"self":[{"href":"https:\/\/brigatafolgore.net\/en\/wp-json\/wp\/v2\/posts\/19217","targetHints":{"allow":["GET"]}}],"collection":[{"href":"https:\/\/brigatafolgore.net\/en\/wp-json\/wp\/v2\/posts"}],"about":[{"href":"https:\/\/brigatafolgore.net\/en\/wp-json\/wp\/v2\/types\/post"}],"author":[{"embeddable":true,"href":"https:\/\/brigatafolgore.net\/en\/wp-json\/wp\/v2\/users\/2"}],"replies":[{"embeddable":true,"href":"https:\/\/brigatafolgore.net\/en\/wp-json\/wp\/v2\/comments?post=19217"}],"version-history":[{"count":0,"href":"https:\/\/brigatafolgore.net\/en\/wp-json\/wp\/v2\/posts\/19217\/revisions"}],"wp:featuredmedia":[{"embeddable":true,"href":"https:\/\/brigatafolgore.net\/en\/wp-json\/wp\/v2\/media\/19221"}],"wp:attachment":[{"href":"https:\/\/brigatafolgore.net\/en\/wp-json\/wp\/v2\/media?parent=19217"}],"wp:term":[{"taxonomy":"category","embeddable":true,"href":"https:\/\/brigatafolgore.net\/en\/wp-json\/wp\/v2\/categories?post=19217"},{"taxonomy":"post_tag","embeddable":true,"href":"https:\/\/brigatafolgore.net\/en\/wp-json\/wp\/v2\/tags?post=19217"},{"taxonomy":"sgg_keywords","embeddable":true,"href":"https:\/\/brigatafolgore.net\/en\/wp-json\/wp\/v2\/sgg_keywords?post=19217"}],"curies":[{"name":"wp","href":"https:\/\/api.w.org\/{rel}","templated":true}]}}